{"id":9835,"date":"2025-07-20T23:16:00","date_gmt":"2025-07-21T02:16:00","guid":{"rendered":"https:\/\/infolanus.com\/index.php\/2025\/07\/20\/talleres-de-cordoba-dio-el-golpe-de-la-fecha-le-gano-2-a-1-a-independiente-en-avellaneda\/"},"modified":"2025-07-20T23:16:00","modified_gmt":"2025-07-21T02:16:00","slug":"talleres-de-cordoba-dio-el-golpe-de-la-fecha-le-gano-2-a-1-a-independiente-en-avellaneda","status":"publish","type":"post","link":"https:\/\/infolanus.com\/index.php\/2025\/07\/20\/talleres-de-cordoba-dio-el-golpe-de-la-fecha-le-gano-2-a-1-a-independiente-en-avellaneda\/","title":{"rendered":"Talleres de C\u00f3rdoba dio el golpe de la fecha: le gan\u00f3 2 a 1 a Independiente en Avellaneda"},"content":{"rendered":"<div class=\"media_block\"><\/div>\n<div><img data-recalc-dims=\"1\" decoding=\"async\" src=\"https:\/\/i0.wp.com\/fotos.perfil.com\/2025\/07\/21\/trim\/1140\/641\/liga-profesional-2065217.jpg?w=640&#038;ssl=1\" class=\"ff-og-image-inserted\"><\/div>\n<p><strong><a target=\"_blank\" href=\"https:\/\/442.perfil.com\/noticias\/futbol\/independiente-cerro-a-su-cuarto-refuerzo-oficializo-la-llegada-de-milton-valenzuela.phtml\">Independiente<\/a> <\/strong>y <strong>Talleres<\/strong> se enfrentaron&nbsp;este domingo&nbsp;en el Estadio Libertadores de Am\u00e9rica &#8211; Ricardo Enrique Bochini en el marco&nbsp;de&nbsp;la segunda jornada de la Zona B del <strong>Torneo Clausura 2025&nbsp;<\/strong>y que concluy\u00f3 con un triunfo por 2 a 1 a favor de los visitantes.<\/p>\n<p class=\"destacadoNota\"><a target=\"_blank\" href=\"https:\/\/442.perfil.com\/noticias\/futbol\/torneo-clausura-2025-dias-horarios-y-canales-de-transmision-de-los-partidos-de-la-segunda-fecha-del-torneo.phtml\">Clausura 2025: d\u00edas, horarios y c\u00f3mo ver por televisi\u00f3n la Fecha 2<\/a><\/p>\n<p>En el minuto 27 se aparecieron las incidencias en Avellaneda. <strong>Augusto Schott<\/strong> abri\u00f3 el marcador para adelantar al equipo de <strong>Carlos Tevez,<\/strong> quien regres\u00f3 a una instituci\u00f3n que pudo alejar del descenso.<\/p>\n<p>En el complemento apareci\u00f3 la igualdad en el compromiso para el equipo de Vaccari. Nicol\u00e1s Freire recibi\u00f3 una asistencia desde un tiro de esquina para anotar el 1 a 1.&nbsp;<\/p>\n<p>Al minuto 79, <strong>Valent\u00edn Depietri <\/strong>convirti\u00f3 un verdadero golazo tras una brillante jugada individual en la cual pudo encontrar los espacios tras superar a sus oponentes.&nbsp;<\/p>\n<p>Con este resultado, el equipo de Avellaneda solamente sum\u00f3 un punto luego de dos partidos. Los de Tevez, por su lado escalaron posiciones en la tabla y se quedaron en la s\u00e9ptima posici\u00f3n.&nbsp;<\/p>\n<p>Para la pr\u00f3xima fecha, <em><strong>el Rojo<\/strong><\/em> se va a estar midiendo en condici\u00f3n de visitante ante<strong> Gimnasia LP<\/strong>.<em><strong> La T, <\/strong><\/em>por su lado, har\u00e1 lo suyo en su estadio frente a <strong>Godoy Cruz.<\/strong><\/p>\n<h2><strong>Estad\u00edsticas y minuto a minuto<\/strong><\/h2>\n<p>BP &#8211; GM<\/p>\n<p> <!-- tags --> <\/p>\n","protected":false},"excerpt":{"rendered":"<p>Independiente y Talleres se enfrentaron&nbsp;este domingo&nbsp;en el Estadio Libertadores de Am\u00e9rica &#8211; Ricardo Enrique Bochini en el marco&nbsp;de&nbsp;la segunda jornada de la Zona B del Torneo Clausura 2025&nbsp;y que concluy\u00f3 con un triunfo por 2 a 1 a favor de los visitantes. Clausura 2025: d\u00edas, horarios y c\u00f3mo ver por televisi\u00f3n la Fecha 2 En [&hellip;]<\/p>\n","protected":false},"author":2,"featured_media":9836,"comment_status":"closed","ping_status":"closed","sticky":false,"template":"","format":"standard","meta":{"jetpack_post_was_ever_published":false,"_jetpack_newsletter_access":"","_jetpack_dont_email_post_to_subs":false,"_jetpack_newsletter_tier_id":0,"_jetpack_memberships_contains_paywalled_content":false,"_jetpack_memberships_contains_paid_content":false,"footnotes":"","jetpack_publicize_message":"","jetpack_publicize_feature_enabled":true,"jetpack_social_post_already_shared":true,"jetpack_social_options":{"image_generator_settings":{"template":"highway","enabled":false},"version":2}},"categories":[17],"tags":[],"class_list":["post-9835","post","type-post","status-publish","format-standard","has-post-thumbnail","hentry","category-deportes"],"jetpack_publicize_connections":[],"jetpack_featured_media_url":"https:\/\/i0.wp.com\/infolanus.com\/wp-content\/uploads\/2025\/07\/talleres-de-cordoba-dio-el-golpe-de-la-fecha-le-gano-2-a-1-a-independiente-en-avellaneda.jpg?fit=1140%2C641&ssl=1","jetpack_sharing_enabled":true,"jetpack_shortlink":"https:\/\/wp.me\/p9QtMr-2yD","_links":{"self":[{"href":"https:\/\/infolanus.com\/index.php\/wp-json\/wp\/v2\/posts\/9835","targetHints":{"allow":["GET"]}}],"collection":[{"href":"https:\/\/infolanus.com\/index.php\/wp-json\/wp\/v2\/posts"}],"about":[{"href":"https:\/\/infolanus.com\/index.php\/wp-json\/wp\/v2\/types\/post"}],"author":[{"embeddable":true,"href":"https:\/\/infolanus.com\/index.php\/wp-json\/wp\/v2\/users\/2"}],"replies":[{"embeddable":true,"href":"https:\/\/infolanus.com\/index.php\/wp-json\/wp\/v2\/comments?post=9835"}],"version-history":[{"count":0,"href":"https:\/\/infolanus.com\/index.php\/wp-json\/wp\/v2\/posts\/9835\/revisions"}],"wp:featuredmedia":[{"embeddable":true,"href":"https:\/\/infolanus.com\/index.php\/wp-json\/wp\/v2\/media\/9836"}],"wp:attachment":[{"href":"https:\/\/infolanus.com\/index.php\/wp-json\/wp\/v2\/media?parent=9835"}],"wp:term":[{"taxonomy":"category","embeddable":true,"href":"https:\/\/infolanus.com\/index.php\/wp-json\/wp\/v2\/categories?post=9835"},{"taxonomy":"post_tag","embeddable":true,"href":"https:\/\/infolanus.com\/index.php\/wp-json\/wp\/v2\/tags?post=9835"}],"curies":[{"name":"wp","href":"https:\/\/api.w.org\/{rel}","templated":true}]}}