{"id":9854,"date":"2025-07-23T20:24:02","date_gmt":"2025-07-23T23:24:02","guid":{"rendered":"https:\/\/infolanus.com\/index.php\/2025\/07\/23\/lionel-messi-se-bajo-del-all-star-2025-y-enfrenta-una-sancion-por-parte-de-la-mls\/"},"modified":"2025-07-23T20:24:02","modified_gmt":"2025-07-23T23:24:02","slug":"lionel-messi-se-bajo-del-all-star-2025-y-enfrenta-una-sancion-por-parte-de-la-mls","status":"publish","type":"post","link":"https:\/\/infolanus.com\/index.php\/2025\/07\/23\/lionel-messi-se-bajo-del-all-star-2025-y-enfrenta-una-sancion-por-parte-de-la-mls\/","title":{"rendered":"Lionel Messi se baj\u00f3 del All-Star 2025 y enfrenta una sanci\u00f3n por parte de la MLS"},"content":{"rendered":"<div class=\"media_block\"><\/div>\n<p>El <strong>All-Star Game 2025 de la MLS<\/strong> no contar\u00e1 con la principal estrella de la liga estadounidense, <strong>Lionel Andr\u00e9s <a target=\"_blank\" href=\"https:\/\/442.perfil.com\/noticias\/futbol\/bombazo-en-la-mls-rodrigo-de-paul-se-suma-a-inter-miami-y-jugara-con-messi.phtml\">Messi<\/a><\/strong>.<\/p>\n<p>El delantero de <strong>Inter Miami<\/strong> fue incluido en la convocatoria para el \u201cJuego de las Estrellas\u201d que se desarrolla este mi\u00e9rcoles en&nbsp;<strong>Austin<\/strong> y tendr\u00e1 como plato principal el enfrentamiento entre equipos combinados de la <strong>MLS<\/strong> y la <strong>Liga MX<\/strong>, <strong>Primera Divisi\u00f3n de M\u00e9xico<\/strong>.<\/p>\n<figure class=\"image\"><img data-recalc-dims=\"1\" decoding=\"async\" alt=\"Lionel Andr\u00e9s Messi\" src=\"https:\/\/i0.wp.com\/fotos.perfil.com\/\/2025\/07\/23\/900\/0\/lionel-andres-messi-2067076.jpg?w=640&#038;ssl=1\" loading=\"lazy\"><figcaption>Lionel Andr\u00e9s Messi<\/figcaption><\/figure>\n<p><strong>Lionel Messi<\/strong> form\u00f3 parte de la convocatoria encabezada por las autoridades de la <strong>MLS<\/strong> y con participaci\u00f3n del p\u00fablico mediante votaci\u00f3n, sin embargo no asisti\u00f3 a los entrenamientos previos y desde <strong>Inter Miami<\/strong> terminaron comunicando su baja, al igual que la del tambi\u00e9n seleccionado <strong>Jordi Alba<\/strong>.<\/p>\n<p class=\"destacadoNota\"><a target=\"_blank\" href=\"https:\/\/442.perfil.com\/noticias\/futbol\/messi-brillo-con-dos-golazos-y-una-asistencia-en-la-goleada-de-inter-miami.phtml\">Messi brill\u00f3 con dos golazos y una asistencia en la goleada de Inter Miami<\/a><\/p>\n<h2><strong>Motivos de la ausencia de Lionel Messi y posible sanci\u00f3n<\/strong><\/h2>\n<p>Sin reportes m\u00e9dicos, la ausencia de <strong>Lionel Andr\u00e9s Messi<\/strong> est\u00e1 ligada al apretado calendario de partidos.<\/p>\n<p>Luego de comenzar el a\u00f1o con algunas ausencias, <strong>Lionel Messi<\/strong> tom\u00f3 un importante ritmo de competencia disputando <strong>MLS<\/strong>, <strong>ConcaChampions<\/strong>, <strong>Eliminatorias Sudamericanas<\/strong> y <strong>Mundial de Clubes<\/strong>.<\/p>\n<p><strong>Messi<\/strong> disput\u00f3 12 partidos desde el 1 de junio y no tuvo descanso entre la participaci\u00f3n de <strong>Inter Miami<\/strong> en el <strong>Mundial de Clubes<\/strong> y el regreso a la <strong>MLS<\/strong>.<\/p>\n<figure class=\"image\"><img data-recalc-dims=\"1\" decoding=\"async\" alt=\"Messi\" src=\"https:\/\/i0.wp.com\/fotos.perfil.com\/\/2025\/07\/10\/900\/0\/messi-2058550.jpg?w=640&#038;ssl=1\" loading=\"lazy\"><figcaption>Lionel Messi, sin descanso y a puro gol tras el Mundial de Clubes<\/figcaption><\/figure>\n<p>Incluso el <strong>capit\u00e1n<\/strong> convirti\u00f3 ocho goles, repartidos en cuatro dobletes, durante los cinco partidos que jug\u00f3 post <strong>Mundial de Clubes<\/strong>.<\/p>\n<p>La <strong>MLS<\/strong> podr\u00eda suspender a <strong>Lionel Messi<\/strong> en caso de que su ausencia no sea justificada con parte m\u00e9dico. La ausencia podr\u00eda costarle al argentino una fecha de sanci\u00f3n por <strong>MLS<\/strong>, tal como le ocurri\u00f3 a <strong>Zlatan Ibrahimovic<\/strong> en 2018.<\/p>\n<h2><strong>Los argentinos en el All-Star Game 2025<\/strong><\/h2>\n<p>Sin <strong>Lionel Messi<\/strong>, hay otros <strong>argentinos<\/strong> convocados al evento que se realiza como tal desde el a\u00f1o 2018.<\/p>\n<p><strong>Cristian Espinoza<\/strong>, ex <strong>Hurac\u00e1n<\/strong> y capit\u00e1n del <strong>San Jos\u00e9 Earthquakes<\/strong>, estar\u00e1 en el equipo ideal de la <strong>MLS<\/strong>.<\/p>\n<figure class=\"image\"><img data-recalc-dims=\"1\" decoding=\"async\" alt=\"Cristian Espinoza\" src=\"https:\/\/i0.wp.com\/fotos.perfil.com\/\/2025\/07\/23\/900\/0\/cristian-espinoza-2067075.jpg?w=640&#038;ssl=1\" loading=\"lazy\"><figcaption>Cristian Espinoza es el \u00fanico argentino en el equipo de la MLS<\/figcaption><\/figure>\n<p>Por otro lado, el combinado de la <strong>Liga MX<\/strong>, capitaneado por <strong>Sergio Ramos<\/strong>, tendr\u00e1 a los argentinos <strong>Juan Brunetta<\/strong> (<strong>Tigres<\/strong>) y <strong>Agust\u00edn Palavecino<\/strong> (<strong>Necaxa<\/strong>).<\/p>\n<p>NZ<\/p>\n<p> <!-- tags --> <\/p>\n","protected":false},"excerpt":{"rendered":"<p>El All-Star Game 2025 de la MLS no contar\u00e1 con la principal estrella de la liga estadounidense, Lionel Andr\u00e9s Messi. El delantero de Inter Miami fue incluido en la convocatoria para el \u201cJuego de las Estrellas\u201d que se desarrolla este mi\u00e9rcoles en&nbsp;Austin y tendr\u00e1 como plato principal el enfrentamiento entre equipos combinados de la MLS [&hellip;]<\/p>\n","protected":false},"author":2,"featured_media":9855,"comment_status":"closed","ping_status":"closed","sticky":false,"template":"","format":"standard","meta":{"jetpack_post_was_ever_published":false,"_jetpack_newsletter_access":"","_jetpack_dont_email_post_to_subs":false,"_jetpack_newsletter_tier_id":0,"_jetpack_memberships_contains_paywalled_content":false,"_jetpack_memberships_contains_paid_content":false,"footnotes":"","jetpack_publicize_message":"","jetpack_publicize_feature_enabled":true,"jetpack_social_post_already_shared":true,"jetpack_social_options":{"image_generator_settings":{"template":"highway","enabled":false},"version":2}},"categories":[17],"tags":[],"class_list":["post-9854","post","type-post","status-publish","format-standard","has-post-thumbnail","hentry","category-deportes"],"jetpack_publicize_connections":[],"jetpack_featured_media_url":"https:\/\/i0.wp.com\/infolanus.com\/wp-content\/uploads\/2025\/07\/lionel-messi-se-bajo-del-all-star-2025-y-enfrenta-una-sancion-por-parte-de-la-mls.jpg?fit=900%2C599&ssl=1","jetpack_sharing_enabled":true,"jetpack_shortlink":"https:\/\/wp.me\/p9QtMr-2yW","_links":{"self":[{"href":"https:\/\/infolanus.com\/index.php\/wp-json\/wp\/v2\/posts\/9854","targetHints":{"allow":["GET"]}}],"collection":[{"href":"https:\/\/infolanus.com\/index.php\/wp-json\/wp\/v2\/posts"}],"about":[{"href":"https:\/\/infolanus.com\/index.php\/wp-json\/wp\/v2\/types\/post"}],"author":[{"embeddable":true,"href":"https:\/\/infolanus.com\/index.php\/wp-json\/wp\/v2\/users\/2"}],"replies":[{"embeddable":true,"href":"https:\/\/infolanus.com\/index.php\/wp-json\/wp\/v2\/comments?post=9854"}],"version-history":[{"count":0,"href":"https:\/\/infolanus.com\/index.php\/wp-json\/wp\/v2\/posts\/9854\/revisions"}],"wp:featuredmedia":[{"embeddable":true,"href":"https:\/\/infolanus.com\/index.php\/wp-json\/wp\/v2\/media\/9855"}],"wp:attachment":[{"href":"https:\/\/infolanus.com\/index.php\/wp-json\/wp\/v2\/media?parent=9854"}],"wp:term":[{"taxonomy":"category","embeddable":true,"href":"https:\/\/infolanus.com\/index.php\/wp-json\/wp\/v2\/categories?post=9854"},{"taxonomy":"post_tag","embeddable":true,"href":"https:\/\/infolanus.com\/index.php\/wp-json\/wp\/v2\/tags?post=9854"}],"curies":[{"name":"wp","href":"https:\/\/api.w.org\/{rel}","templated":true}]}}