{"id":9861,"date":"2025-07-24T18:20:00","date_gmt":"2025-07-24T21:20:00","guid":{"rendered":"https:\/\/infolanus.com\/index.php\/2025\/07\/24\/chicho-serna-fue-contundente-y-dio-la-cara-por-el-pesimo-presente-de-boca-el-balance-no-es-positivo-estamos-muy-preocupados\/"},"modified":"2025-07-24T18:20:00","modified_gmt":"2025-07-24T21:20:00","slug":"chicho-serna-fue-contundente-y-dio-la-cara-por-el-pesimo-presente-de-boca-el-balance-no-es-positivo-estamos-muy-preocupados","status":"publish","type":"post","link":"https:\/\/infolanus.com\/index.php\/2025\/07\/24\/chicho-serna-fue-contundente-y-dio-la-cara-por-el-pesimo-presente-de-boca-el-balance-no-es-positivo-estamos-muy-preocupados\/","title":{"rendered":"Chicho Serna fue contundente y dio la cara por el p\u00e9simo presente de Boca: &#8220;El balance no es positivo, estamos muy preocupados&#8221;"},"content":{"rendered":"<div class=\"media_block\"><\/div>\n<p>Sin lugar a dudas, <a target=\"_blank\" href=\"https:\/\/442.perfil.com\/noticias\/futbol\/edinson-cavani-hablo-tras-la-eliminacion-de-boca-en-copa-argentina-hay-que-agachar-la-cabeza-y-seguir.phtml\"><strong>Boca Juniors <\/strong><\/a>atraviesa un momento m\u00e1s que oscuro, del que no logra salir. El equipo dirigido por Miguel \u00c1ngel Russo<strong> <a target=\"_blank\" href=\"https:\/\/442.perfil.com\/noticias\/futbol\/boca-vs-atletico-tucuman-por-la-copa-argentina.phtml\">volvi\u00f3 a perder y qued\u00f3 eliminado de la Copa Argentina ante Atl\u00e9tico Tucum\u00e1n.<\/a><\/strong><\/p>\n<p>En ese sentido<strong>, la instituci\u00f3n de la Ribera acumula diez partidos sin conocer la victoria en m\u00e1s de tres meses<\/strong>, algo que los hinchas no perdonaron, expresando cr\u00edticas de todo tipo. Por eso, este jueves,<strong> Mauricio <em>Chicho&nbsp;<\/em>Serna<\/strong>, miembro del Consejo de F\u00fatbol, <strong>sali\u00f3 a dar la cara por este p\u00e9simo presente futbol\u00edstico.<\/strong><\/p>\n<p class=\"destacadoNota\"><a target=\"_blank\" href=\"https:\/\/442.perfil.com\/noticias\/futbol\/boca-vs-atletico-tucuman-por-la-copa-argentina.phtml\">Otro papel\u00f3n m\u00e1s: Boca Juniors cay\u00f3 ante Atl\u00e9tico Tucum\u00e1n y qued\u00f3 eliminado de la Copa Argentina<\/a><\/p>\n<p>\u201c<strong>El balance no es positivo, estamos muy preocupados, pero tambi\u00e9n estamos ocupados en c\u00f3mo buscar mejorar. Sabemos que hay rendimientos que no est\u00e1n en su mejor momento, pero si todos estamos juntos es mucho m\u00e1s f\u00e1cil\u201d,&nbsp;<\/strong>comenz\u00f3 el colombiano en declaraciones con <em>ESPN<\/em>.<\/p>\n<p>Luego, le envi\u00f3 un sentido mensaje a los fan\u00e1ticos <em>Xeneizes<\/em>: <strong>\u201cLo primero que tengo para decir es a la gente de Boca que nos siga apoyando, como siempre lo ha hecho, que est\u00e9 convencida que somos los primeros junto con nuestros futbolistas que queremos ganar, siempre queremos ganar&#8221;.<\/strong><\/p>\n<p><strong>\u201cSabemos que el presente no ha sido muy bueno, por m\u00e1s que este \u00faltimo partido hay pasajes de algunas buenas sensaciones, no alcanza. Por m\u00e1s que hayamos creado una buena cantidad de opciones, no podemos quedarnos en eso.&nbsp;No podemos excusarnos, no podemos poner esto como pretexto, sino que la realidad es que nos est\u00e1 costando demasiado\u201c,&nbsp;<\/strong>reconoci\u00f3 el exfutbolista y actual integrante de la dirigencia.<\/p>\n<div>\n<figure class=\"image\"><img data-recalc-dims=\"1\" decoding=\"async\" alt=\"boca\" height=\"446\" src=\"https:\/\/i0.wp.com\/fotos.perfil.com\/\/\/2025\/07\/24\/900\/0\/copa-argentina-2067144.jpg?resize=640%2C446&#038;ssl=1\" width=\"640\" loading=\"lazy\"><figcaption>Atl\u00e9tico Tucum\u00e1n le gan\u00f3 2-1 a Boca Juniors<\/figcaption><\/figure>\n<\/div>\n<p>M\u00e1s adelante, sobre el plantel y sus futbolistas, agreg\u00f3:<strong> &#8220;Tenemos muy buenos jugadores.&nbsp;Yo creo que el primer paso es nosotros desde adentro tener una autocr\u00edtica importante y saber que tenemos que mejorar.&nbsp;A nivel individual, hay futbolistas a los que le ha costado mucho m\u00e1s&#8221;.<\/strong><\/p>\n<p><strong>\u201cNosotros somos los primeros convencidos que tenemos que trabajar juntos, que estamos ocupados en todo lo que tiene que ver con nuestro club, que todos los temas los hablamos ac\u00e1, los tratamos de resolver lo m\u00e1s r\u00e1pido posible y que siempre queremos que nuestro club mejore cada d\u00eda, esa es nuestra tarea\u201d.<\/strong><\/p>\n<p class=\"destacadoNota\"><a target=\"_blank\" href=\"https:\/\/442.perfil.com\/noticias\/futbol\/boca-tacho-otro-objetivo-de-su-2025-cuando-juega-su-proximo-partido-y-que-le-queda-en-el-ano.phtml\">Boca tach\u00f3 otro objetivo de su 2025: cu\u00e1ndo juega su pr\u00f3ximo partido y qu\u00e9 le queda en el a\u00f1o<\/a><\/p>\n<p>Serna tambi\u00e9n explic\u00f3 los motivos detr\u00e1s de los nuevos fichajes y respondi\u00f3 a las cr\u00edticas cuando estos no funcionan como se esperan: <strong>&#8220;Cuando uno va a buscar a un futbolista, busca que venga, se ponga la camiseta, trabaje y rinda al m\u00e1ximo. Despu\u00e9s, habr\u00e1 muchos factores que pueden interceder o intervenir en el rendimiento del futbolista. Est\u00e1 perfecto. Y ah\u00ed nos podemos equivocar&#8221;.<\/strong><\/p>\n<p>&#8220;<strong>Siempre buscamos equivocarnos lo menos posible en la elecci\u00f3n de quienes queremos y creemos que deben de venir a vestir nuestra camiseta y a vender nuestros colores&#8221;, <\/strong>agreg\u00f3.<\/p>\n<p>Por \u00faltimo, pero no menos importante, defendi\u00f3 el trabajo del Consejo de F\u00fatbol: &#8220;<strong>Nosotros en los dos \u00faltimos libros de pases trajimos alrededor de 10 futbolistas. Con el diario del lunes se hacen los balances, porque as\u00ed funciona esto y as\u00ed funciona el f\u00fatbol. Pero en ning\u00fan momento nosotros traemos un futbolista pensando que no va a ser capaz de ponerse o de jugar o de rendir a la altura que exige este club\u201d.<\/strong><\/p>\n<p><strong>FMZ<\/strong><\/p>\n<p> <!-- tags --> <\/p>\n","protected":false},"excerpt":{"rendered":"<p>Sin lugar a dudas, Boca Juniors atraviesa un momento m\u00e1s que oscuro, del que no logra salir. El equipo dirigido por Miguel \u00c1ngel Russo volvi\u00f3 a perder y qued\u00f3 eliminado de la Copa Argentina ante Atl\u00e9tico Tucum\u00e1n. En ese sentido, la instituci\u00f3n de la Ribera acumula diez partidos sin conocer la victoria en m\u00e1s de [&hellip;]<\/p>\n","protected":false},"author":2,"featured_media":9862,"comment_status":"closed","ping_status":"closed","sticky":false,"template":"","format":"standard","meta":{"jetpack_post_was_ever_published":false,"_jetpack_newsletter_access":"","_jetpack_dont_email_post_to_subs":false,"_jetpack_newsletter_tier_id":0,"_jetpack_memberships_contains_paywalled_content":false,"_jetpack_memberships_contains_paid_content":false,"footnotes":"","jetpack_publicize_message":"","jetpack_publicize_feature_enabled":true,"jetpack_social_post_already_shared":true,"jetpack_social_options":{"image_generator_settings":{"template":"highway","enabled":false},"version":2}},"categories":[17],"tags":[],"class_list":["post-9861","post","type-post","status-publish","format-standard","has-post-thumbnail","hentry","category-deportes"],"jetpack_publicize_connections":[],"jetpack_featured_media_url":"https:\/\/i0.wp.com\/infolanus.com\/wp-content\/uploads\/2025\/07\/chicho-serna-fue-contundente-y-dio-la-cara-por-el-pesimo-presente-de-boca-el-balance-no-es-positivo-estamos-muy-preocupados.jpg?fit=900%2C627&ssl=1","jetpack_sharing_enabled":true,"jetpack_shortlink":"https:\/\/wp.me\/p9QtMr-2z3","_links":{"self":[{"href":"https:\/\/infolanus.com\/index.php\/wp-json\/wp\/v2\/posts\/9861","targetHints":{"allow":["GET"]}}],"collection":[{"href":"https:\/\/infolanus.com\/index.php\/wp-json\/wp\/v2\/posts"}],"about":[{"href":"https:\/\/infolanus.com\/index.php\/wp-json\/wp\/v2\/types\/post"}],"author":[{"embeddable":true,"href":"https:\/\/infolanus.com\/index.php\/wp-json\/wp\/v2\/users\/2"}],"replies":[{"embeddable":true,"href":"https:\/\/infolanus.com\/index.php\/wp-json\/wp\/v2\/comments?post=9861"}],"version-history":[{"count":0,"href":"https:\/\/infolanus.com\/index.php\/wp-json\/wp\/v2\/posts\/9861\/revisions"}],"wp:featuredmedia":[{"embeddable":true,"href":"https:\/\/infolanus.com\/index.php\/wp-json\/wp\/v2\/media\/9862"}],"wp:attachment":[{"href":"https:\/\/infolanus.com\/index.php\/wp-json\/wp\/v2\/media?parent=9861"}],"wp:term":[{"taxonomy":"category","embeddable":true,"href":"https:\/\/infolanus.com\/index.php\/wp-json\/wp\/v2\/categories?post=9861"},{"taxonomy":"post_tag","embeddable":true,"href":"https:\/\/infolanus.com\/index.php\/wp-json\/wp\/v2\/tags?post=9861"}],"curies":[{"name":"wp","href":"https:\/\/api.w.org\/{rel}","templated":true}]}}