{"id":9863,"date":"2025-07-24T19:02:00","date_gmt":"2025-07-24T22:02:00","guid":{"rendered":"https:\/\/www.ambito.com\/c6170870"},"modified":"2025-07-24T19:02:00","modified_gmt":"2025-07-24T22:02:00","slug":"emmanuel-macron-aseguro-que-francia-reconocera-al-estado-de-palestina-y-lo-anunciara-ante-la-onu","status":"publish","type":"post","link":"https:\/\/infolanus.com\/index.php\/2025\/07\/24\/emmanuel-macron-aseguro-que-francia-reconocera-al-estado-de-palestina-y-lo-anunciara-ante-la-onu\/","title":{"rendered":"Emmanuel Macron asegur\u00f3 que Francia reconocer\u00e1 al Estado de Palestina y lo anunciar\u00e1 ante la ONU"},"content":{"rendered":"<div><img data-recalc-dims=\"1\" decoding=\"async\" src=\"https:\/\/i0.wp.com\/media.ambito.com\/p\/d33a0f2c4a5ffbecf626d1ad14e21b05\/adjuntos\/239\/imagenes\/041\/578\/0041578618\/macron-conferenciajpg.jpg?w=640&#038;ssl=1\" class=\"ff-og-image-inserted\"><\/div>\n<div id>\n<p>En un gesto de fuerte peso diplom\u00e1tico, el presidente de <strong><a href=\"https:\/\/www.ambito.com\/mundo\/francia-pide-endurecer-barreras-comerciales-frenar-el-avance-industrial-china-europa-n6164214\" target=\"_blank\" rel=\"follow\">Francia<\/a><\/strong>, <strong> Emmanuel Macron<\/strong>, anunci\u00f3 que su pa\u00eds reconocer\u00e1 oficialmente al <strong>Estado de Palestina<\/strong>. El anuncio formal ser\u00e1 realizado en septiembre, durante la pr\u00f3xima <strong>Asamblea General de las Naciones Unidas<\/strong>, en Nueva York.<\/p>\n<\/div>\n<div id>\n<p>Con esta postura, Francia <strong>se alinea con otros pa\u00edses europeos<\/strong> que ya reconocieron oficialmente a Palestina y refuerza su participaci\u00f3n en los esfuerzos diplom\u00e1ticos que buscan una salida negociada y sostenible al conflicto en la regi\u00f3n.<\/p>\n<\/div>\n<div id>\n<p>El anuncio fue bien recibido por la Autoridad Palestina. Su vicepresidente, <strong>Husein al Sheij<\/strong>, destac\u00f3 la decisi\u00f3n del mandatario franc\u00e9s y la calific\u00f3 como una muestra clara del respaldo de Francia al derecho internacional y al reclamo del pueblo palestino por su autodeterminaci\u00f3n y la conformaci\u00f3n de un Estado soberano.<\/p>\n<\/div>\n<div id>\n<p>De acuerdo con datos recopilados por la agencia AFP, <strong>m\u00e1s de 140 naciones<\/strong> ya han dado su aval al reconocimiento del Estado palestino. Sin embargo, <strong>Estados Unidos e Israel contin\u00faan oponi\u00e9ndose<\/strong> de manera contundente a este tipo de avances en el plano internacional.<\/p>\n<\/div>\n<div id>\n<h2>El comunicado de Emmanuel Macron<\/h2>\n<p>La decisi\u00f3n, seg\u00fan explic\u00f3 Macron, responde al compromiso hist\u00f3rico de Francia con una <strong>\u201cpaz justa y duradera en Oriente Medio\u201d<\/strong>. En un mensaje que comparti\u00f3 por redes sociales y acompa\u00f1ado por un comunicado oficial, el mandatario remarc\u00f3 la urgencia de poner fin a la guerra en Gaza y atender la grave situaci\u00f3n humanitaria que atraviesa la poblaci\u00f3n civil.<\/p>\n<p><strong>\u201cLa paz es posible\u201d<\/strong>, sostuvo el presidente franc\u00e9s, y llam\u00f3 a implementar un alto el fuego inmediato, la liberaci\u00f3n de todos los rehenes y el env\u00edo masivo de ayuda humanitaria a Gaza. En paralelo, subray\u00f3 la necesidad de avanzar con la desmilitarizaci\u00f3n de Hamas y trabajar en la reconstrucci\u00f3n del territorio.<\/p>\n<p>Macron tambi\u00e9n se refiri\u00f3 al futuro del Estado palestino, al que consider\u00f3 viable siempre que respete ciertos compromisos: <strong>&#8220;Debemos construir el Estado de Palestina, asegurar su viabilidad y asegurar que, al aceptar su desmilitarizaci\u00f3n y reconocer plenamente a Israel, contribuya a la seguridad de todos en Oriente Medio&#8221;.<\/strong><\/p>\n<p>Francia, afirm\u00f3, no ve otra alternativa posible para alcanzar la estabilidad en Medio Oriente. \u201cNos corresponde a nosotros, los franceses, junto con israel\u00edes, palestinos y nuestros socios internacionales, demostrar que esto es posible\u201d, agreg\u00f3, y cerr\u00f3: &#8220;A la luz de los compromisos que el Presidente de la Autoridad Palestina asumi\u00f3 conmigo, le escrib\u00ed expres\u00e1ndole mi determinaci\u00f3n de seguir adelante&#8221;.<\/p>\n<div contenteditable=\"false\" class=\"embed_cont type_freetext\" rel=\"freetext\" id=\"embed6395_wrap\" data-provider=\"Twitter\" readability=\"30.238197424893\">\n<p>Embed &#8211; https:\/\/publish.x.com\/oembed?url=https:\/\/x.com\/emmanuelmacron\/status\/1948482142356603089?s=48&amp;partner=&amp;hide_thread=false<span onclick=\"parent.parent.TinyMCETdcuerpo.preview_embed('embed6395')\" class=\"embed_colapse less\" id=\"embed6395_colapse\"><\/span><span onclick=\"parent.parent.TinyMCETdcuerpo.delete_embed('embed6395')\" class=\"embed_delete less\" id=\"embed6395_delete\"><\/span><\/p>\n<div id=\"embed6395_content\" class=\"embed_content\">\n<div id=\"embed6395_embed\" readability=\"7.5163204747774\">\n<blockquote data-td-script-src=\"https:\/\/platform.twitter.com\/widgets.js\" class=\"twitter-tweet\" readability=\"8.8427299703264\">\n<p dir=\"ltr\" lang=\"en\"> Consistent with its historic commitment to a just and lasting peace in the Middle East, I have decided that France will recognize the State of Palestine.<\/p>\n<p>I will make this solemn announcement before the United Nations General Assembly this coming September.\u2026 <a href=\"https:\/\/t.co\/VTSVGVH41I\">pic.twitter.com\/VTSVGVH41I<\/a><\/p>\n<p> \u2014 Emmanuel Macron (@EmmanuelMacron) <a href=\"https:\/\/twitter.com\/EmmanuelMacron\/status\/1948482142356603089?ref_src=twsrc%5Etfw\">July 24, 2025<\/a><\/p><\/blockquote>\n<\/div><\/div>\n<\/p><\/div>\n<\/p><\/div>\n","protected":false},"excerpt":{"rendered":"<p>En un gesto de fuerte peso diplom\u00e1tico, el presidente de Francia, Emmanuel Macron, anunci\u00f3 que su pa\u00eds reconocer\u00e1 oficialmente al Estado de Palestina. El anuncio formal ser\u00e1 realizado en septiembre, durante la pr\u00f3xima Asamblea General de las Naciones Unidas, en Nueva York. Con esta postura, Francia se alinea con otros pa\u00edses europeos que ya reconocieron [&hellip;]<\/p>\n","protected":false},"author":2,"featured_media":9864,"comment_status":"closed","ping_status":"closed","sticky":false,"template":"","format":"standard","meta":{"jetpack_post_was_ever_published":false,"_jetpack_newsletter_access":"","_jetpack_dont_email_post_to_subs":false,"_jetpack_newsletter_tier_id":0,"_jetpack_memberships_contains_paywalled_content":false,"_jetpack_memberships_contains_paid_content":false,"footnotes":"","jetpack_publicize_message":"","jetpack_publicize_feature_enabled":true,"jetpack_social_post_already_shared":true,"jetpack_social_options":{"image_generator_settings":{"template":"highway","enabled":false},"version":2}},"categories":[20],"tags":[],"class_list":["post-9863","post","type-post","status-publish","format-standard","has-post-thumbnail","hentry","category-mundo"],"jetpack_publicize_connections":[],"jetpack_featured_media_url":"https:\/\/i0.wp.com\/infolanus.com\/wp-content\/uploads\/2025\/07\/emmanuel-macron-aseguro-que-francia-reconocera-al-estado-de-palestina-y-lo-anunciara-ante-la-onu.jpg?fit=1200%2C675&ssl=1","jetpack_sharing_enabled":true,"jetpack_shortlink":"https:\/\/wp.me\/p9QtMr-2z5","_links":{"self":[{"href":"https:\/\/infolanus.com\/index.php\/wp-json\/wp\/v2\/posts\/9863","targetHints":{"allow":["GET"]}}],"collection":[{"href":"https:\/\/infolanus.com\/index.php\/wp-json\/wp\/v2\/posts"}],"about":[{"href":"https:\/\/infolanus.com\/index.php\/wp-json\/wp\/v2\/types\/post"}],"author":[{"embeddable":true,"href":"https:\/\/infolanus.com\/index.php\/wp-json\/wp\/v2\/users\/2"}],"replies":[{"embeddable":true,"href":"https:\/\/infolanus.com\/index.php\/wp-json\/wp\/v2\/comments?post=9863"}],"version-history":[{"count":0,"href":"https:\/\/infolanus.com\/index.php\/wp-json\/wp\/v2\/posts\/9863\/revisions"}],"wp:featuredmedia":[{"embeddable":true,"href":"https:\/\/infolanus.com\/index.php\/wp-json\/wp\/v2\/media\/9864"}],"wp:attachment":[{"href":"https:\/\/infolanus.com\/index.php\/wp-json\/wp\/v2\/media?parent=9863"}],"wp:term":[{"taxonomy":"category","embeddable":true,"href":"https:\/\/infolanus.com\/index.php\/wp-json\/wp\/v2\/categories?post=9863"},{"taxonomy":"post_tag","embeddable":true,"href":"https:\/\/infolanus.com\/index.php\/wp-json\/wp\/v2\/tags?post=9863"}],"curies":[{"name":"wp","href":"https:\/\/api.w.org\/{rel}","templated":true}]}}