{"id":9867,"date":"2025-07-25T15:45:00","date_gmt":"2025-07-25T18:45:00","guid":{"rendered":"https:\/\/infolanus.com\/index.php\/2025\/07\/25\/franco-colapinto-se-quedo-en-la-q1-de-la-clasificacion-para-la-sprint-del-gp-belgica\/"},"modified":"2025-07-25T15:45:00","modified_gmt":"2025-07-25T18:45:00","slug":"franco-colapinto-se-quedo-en-la-q1-de-la-clasificacion-para-la-sprint-del-gp-belgica","status":"publish","type":"post","link":"https:\/\/infolanus.com\/index.php\/2025\/07\/25\/franco-colapinto-se-quedo-en-la-q1-de-la-clasificacion-para-la-sprint-del-gp-belgica\/","title":{"rendered":"Franco Colapinto se qued\u00f3 en la Q1 de la clasificaci\u00f3n para la Sprint del GP B\u00e9lgica"},"content":{"rendered":"<div class=\"media_block\"><\/div>\n<p><strong>Oscar Piastri<\/strong> lider\u00f3 la acci\u00f3n del viernes en&nbsp;<strong>Spa-Francorchamps, <\/strong>logr\u00f3 el mejor tiempo de la&nbsp;<a target=\"_blank\" href=\"https:\/\/442.perfil.com\/noticias\/automovilismo\/franco-colapinto-en-las-practicas-libres-del-gran-premio-de-belgica.phtml\">pr\u00e1ctica libre<\/a> y&nbsp;se qued\u00f3 con&nbsp;la&nbsp;<strong>Sprint Shootout<\/strong>, clasificaci\u00f3n para la <strong>carrera Sprint<\/strong> que se realizar\u00e1 en la ma\u00f1ana del s\u00e1bado.<\/p>\n<p>El piloto argentino <strong>Franco Colapinto&nbsp;<\/strong>gir\u00f3 con un mejor tiempo de <strong>1m44s847<\/strong> durante la sesi\u00f3n de entrenamientos, ubic\u00e1ndose ante\u00faltimo, y aunque mejor\u00f3 su vuelta en la clasificaci\u00f3n,<strong> no pudo pasar de la Q1<\/strong><\/p>\n<p class=\"destacadoNota\"><a target=\"_blank\" href=\"https:\/\/442.perfil.com\/noticias\/automovilismo\/colapinto-se-enfrentara-en-belgica-a-uno-de-los-circuitos-mas-peligrosos-de-la-f1.phtml\">Colapinto se enfrentar\u00e1 en B\u00e9lgica a uno de los circuitos m\u00e1s peligrosos de la F1<\/a><\/p>\n<h2><strong>Franco Colapinto no pudo pasar el primer corte en la Qualy del viernes: Hamilton tampoco<\/strong><\/h2>\n<p><strong>Colapinto cerr\u00f3 prematuramente su viernes <\/strong>en Spa y se qued\u00f3 <strong>afuera del corte de quince pilotos<\/strong> que avanzaron a la Q2 de la carrera Sprint.&nbsp;<\/p>\n<p>Tal como pod\u00eda preverse tras la pr\u00e1ctica libre,<strong> Franco y su Alpine no pudieron dar vuelta la historia<\/strong> y aunque Colapinto mejor\u00f3 su propio tiempo, <strong>termin\u00f3 en el puesto 19 <\/strong>con la mejor vuelta en <strong>1m43s587<\/strong>.<\/p>\n<figure class=\"image\"><img data-recalc-dims=\"1\" decoding=\"async\" alt=\"Franco Colapinto en Spa\" src=\"https:\/\/i0.wp.com\/fotos.perfil.com\/\/2025\/07\/25\/900\/0\/franco-colapinto-en-spa-2068197.jpg?w=640&#038;ssl=1\" loading=\"lazy\"><figcaption>Franco Colapinto en Spa<\/figcaption><\/figure>\n<p>La nota de la primera clasificaci\u00f3n la dio la<strong> eliminaci\u00f3n de Lewis Hamilton,<\/strong> quien tras reportar algunas dificultades <strong>termin\u00f3 dando un trompo <\/strong>en la \u00faltima vuelta, cuando buscaba meterse entre los 15.<\/p>\n<h2><strong>Notable respuesta de Pierre Gasly en la Q2<\/strong><\/h2>\n<p>El compa\u00f1ero de Franco Colapinto en Alpine, <strong>Pierre Gasly<\/strong>, se meti\u00f3 en la Q2 con lo justo y volvi\u00f3 a sorprender en el cierre de la segunda clasificaci\u00f3n con una tremenda \u00faltima vuelta que lo meti\u00f3 entre los diez mejores de la actividad.<\/p>\n<h2><strong>Oscar Piastri se luci\u00f3 en la Q3 para adue\u00f1arse de la Pole<\/strong><\/h2>\n<p>El piloto australiano <strong>Oscar Piastri<\/strong> se clasific\u00f3 a la tercera qualy en la d\u00e9cima posici\u00f3n tras eliminarse un mejor tiempo por exceso de velocidad en una curva. El&nbsp;l\u00edder del campeonato <strong>present\u00f3 credenciales<\/strong> en el cierre de la tercera sesi\u00f3n y<strong> se qued\u00f3 con la pole con su vuelta de 1m40s510<\/strong>, superando a Max Verstappen y y Lando Norris.<\/p>\n<figure class=\"image\"><img data-recalc-dims=\"1\" decoding=\"async\" alt=\"Oscar Piastri\" src=\"https:\/\/i0.wp.com\/fotos.perfil.com\/\/2025\/07\/25\/900\/0\/oscar-piastri-2068243.jpg?w=640&#038;ssl=1\" loading=\"lazy\"><figcaption>Oscar Piastri<\/figcaption><\/figure>\n<h2><strong>As\u00ed sigue el Gran Premio de B\u00e9lgica para Franco Colapinto<\/strong><\/h2>\n<p>Al ser&nbsp;<strong>formato sprint<\/strong>, el&nbsp;<strong>Gran Premio de B\u00e9lgica<\/strong>&nbsp;no tendr\u00e1 m\u00e1s pr\u00e1cticas y pasar\u00e1 directamente a la clasificaci\u00f3n para la&nbsp;<strong>carrera sprint del viernes<\/strong>.<\/p>\n<p><strong>S\u00e1bado 26 de julio<\/strong><br \/>07:00&nbsp;<strong>Carrera Sprint<\/strong><br \/>11:00&nbsp;<strong>Qualy Carrera<\/strong><\/p>\n<p><strong>Domingo 27 de julio<\/strong><br \/>10:00&nbsp;<strong>GP de B\u00e9lgica<\/strong><\/p>\n<p>NZ<\/p>\n<p> <!-- tags --> <\/p>\n","protected":false},"excerpt":{"rendered":"<p>Oscar Piastri lider\u00f3 la acci\u00f3n del viernes en&nbsp;Spa-Francorchamps, logr\u00f3 el mejor tiempo de la&nbsp;pr\u00e1ctica libre y&nbsp;se qued\u00f3 con&nbsp;la&nbsp;Sprint Shootout, clasificaci\u00f3n para la carrera Sprint que se realizar\u00e1 en la ma\u00f1ana del s\u00e1bado. El piloto argentino Franco Colapinto&nbsp;gir\u00f3 con un mejor tiempo de 1m44s847 durante la sesi\u00f3n de entrenamientos, ubic\u00e1ndose ante\u00faltimo, y aunque mejor\u00f3 su vuelta [&hellip;]<\/p>\n","protected":false},"author":2,"featured_media":9868,"comment_status":"closed","ping_status":"closed","sticky":false,"template":"","format":"standard","meta":{"jetpack_post_was_ever_published":false,"_jetpack_newsletter_access":"","_jetpack_dont_email_post_to_subs":false,"_jetpack_newsletter_tier_id":0,"_jetpack_memberships_contains_paywalled_content":false,"_jetpack_memberships_contains_paid_content":false,"footnotes":"","jetpack_publicize_message":"","jetpack_publicize_feature_enabled":true,"jetpack_social_post_already_shared":true,"jetpack_social_options":{"image_generator_settings":{"template":"highway","enabled":false},"version":2}},"categories":[17],"tags":[],"class_list":["post-9867","post","type-post","status-publish","format-standard","has-post-thumbnail","hentry","category-deportes"],"jetpack_publicize_connections":[],"jetpack_featured_media_url":"https:\/\/i0.wp.com\/infolanus.com\/wp-content\/uploads\/2025\/07\/franco-colapinto-se-quedo-en-la-q1-de-la-clasificacion-para-la-sprint-del-gp-belgica.jpg?fit=900%2C599&ssl=1","jetpack_sharing_enabled":true,"jetpack_shortlink":"https:\/\/wp.me\/p9QtMr-2z9","_links":{"self":[{"href":"https:\/\/infolanus.com\/index.php\/wp-json\/wp\/v2\/posts\/9867","targetHints":{"allow":["GET"]}}],"collection":[{"href":"https:\/\/infolanus.com\/index.php\/wp-json\/wp\/v2\/posts"}],"about":[{"href":"https:\/\/infolanus.com\/index.php\/wp-json\/wp\/v2\/types\/post"}],"author":[{"embeddable":true,"href":"https:\/\/infolanus.com\/index.php\/wp-json\/wp\/v2\/users\/2"}],"replies":[{"embeddable":true,"href":"https:\/\/infolanus.com\/index.php\/wp-json\/wp\/v2\/comments?post=9867"}],"version-history":[{"count":0,"href":"https:\/\/infolanus.com\/index.php\/wp-json\/wp\/v2\/posts\/9867\/revisions"}],"wp:featuredmedia":[{"embeddable":true,"href":"https:\/\/infolanus.com\/index.php\/wp-json\/wp\/v2\/media\/9868"}],"wp:attachment":[{"href":"https:\/\/infolanus.com\/index.php\/wp-json\/wp\/v2\/media?parent=9867"}],"wp:term":[{"taxonomy":"category","embeddable":true,"href":"https:\/\/infolanus.com\/index.php\/wp-json\/wp\/v2\/categories?post=9867"},{"taxonomy":"post_tag","embeddable":true,"href":"https:\/\/infolanus.com\/index.php\/wp-json\/wp\/v2\/tags?post=9867"}],"curies":[{"name":"wp","href":"https:\/\/api.w.org\/{rel}","templated":true}]}}