{"id":9869,"date":"2025-07-25T15:39:00","date_gmt":"2025-07-25T18:39:00","guid":{"rendered":"https:\/\/www.ambito.com\/c6171219"},"modified":"2025-07-25T15:39:00","modified_gmt":"2025-07-25T18:39:00","slug":"listas-de-jeffrey-epstein-al-igual-que-donald-trump-denuncian-que-bill-clinton-tambien-le-envio-cartas-de-feliz-cumpleanos","status":"publish","type":"post","link":"https:\/\/infolanus.com\/index.php\/2025\/07\/25\/listas-de-jeffrey-epstein-al-igual-que-donald-trump-denuncian-que-bill-clinton-tambien-le-envio-cartas-de-feliz-cumpleanos\/","title":{"rendered":"Listas de Jeffrey Epstein: al igual que Donald Trump, denuncian que Bill Clinton tambi\u00e9n le envi\u00f3 cartas de feliz cumplea\u00f1os"},"content":{"rendered":"<div id>\n<p><strong> El caso de Jeffrey Epstein da que hablar m\u00e1s que nunca.<\/strong> Luego de que una investigaci\u00f3n de The Wall Street Journal (WSJ) revelara que el actual <a href=\"https:\/\/www.ambito.com\/mundo\/elon-musk-borro-el-polemico-tuit-el-que-acuso-donald-trump-estar-el-expediente-jeffrey-epstein-n6154108\" target=\"_blank\" rel=\"follow\">presidente de Estados Unidos, <strong>Donald Trump,<\/strong><\/a> le envi\u00f3 cartas al delincuente sexual por su 50\u00b0 cumplea\u00f1os &#8211; en 2003 &#8211; ahora, el mismo diario tambi\u00e9n vincula al exmandatario, <strong>Bill Clinton, con Epstein.<\/strong><\/p>\n<\/p><\/div>\n<div id>\n<p>En detalle, seg\u00fan revel\u00f3 el reconocido medio el pasado jueves, <strong>Clinton tambi\u00e9n habr\u00eda mantenido contacto con el empresario imputado por liderar una <\/strong><a href=\"https:\/\/www.ambito.com\/mundo\/caso-epstein-la-justicia-se-volvera-reunir-ghislaine-maxwell-un-encuentro-productivo-n6171068\" target=\"_blank\" rel=\"follow\">supuesta red de pedofilia y tr\u00e1fico de personas. L<\/a>a carta del expresidente dem\u00f3crata aparec\u00eda junto a casi medio centenar de otras, escritas por celebridades, empresarios y figuras influyentes del mundo pol\u00edtico y financiero, seg\u00fan revel\u00f3 el WSJ.<\/p>\n<\/div>\n<div id>\n<h2>Caso Jeffrey Epstein: otro presidente m\u00e1s acusado de contactarse con el delincuente sexual<\/h2>\n<p>El art\u00edculo publicado por el reconocido diario exhib\u00eda detalles sobre un \u00e1lbum que habr\u00eda sido elaborado para el 50\u00b0 cumplea\u00f1os de Epstein, en 2003. All\u00ed, numerosas figuras influyentes de EEUU firmaron la carta con deseos para el empresario financiero.<\/p>\n<\/div>\n<div id>\n<p>Entre diversos nombres destacan los del inversionista multimillonario <strong>Leon Black<\/strong>, la dise\u00f1adora <strong>Vera Wang<\/strong>, el magnate de medios <strong>Mortimer Zuckerman<\/strong>, el exdue\u00f1o de Victoria\u2019s Secret <strong>Les Wexner<\/strong>, el abogado <strong>Alan Dershowitz<\/strong>, entre otros.<\/p>\n<\/div>\n<div id>\n<p>Sin embargo, el esc\u00e1ndalo sacude, en los \u00faltimos d\u00edas, de manera particular a la pol\u00edtica norteamericana, sin distinci\u00f3n de colores. Es que, luego de que Trump fuese acusado de haber firmado una carta para Epstein, ahora, el exmandatario dem\u00f3crata Clinton es apuntado por el mismo motivo.<\/p>\n<div contenteditable=\"false\" class=\"embed_cont type_imagen\" id=\"7417670-Libre-1804768653_wrap\" readability=\"6\">\n<p>bill clinton <span onclick=\"parent.parent.TinyMCETdcuerpo.preview_embed('7417670-Libre-1804768653')\" class=\"embed_colapse less\" id=\"7417670-Libre-1804768653_colapse\"><\/span> <span onclick=\"parent.parent.TinyMCETdcuerpo.delete_embed('7417670-Libre-1804768653')\" class=\"embed_delete less\" id=\"7417670-Libre-1804768653_delete\"><\/span><\/p>\n<div id=\"7417670-Libre-1804768653_content\" class=\"embed_content\"><img data-recalc-dims=\"1\" loading=\"lazy\" decoding=\"async\" src=\"https:\/\/i0.wp.com\/media.ambito.com\/p\/82317bc1c6e45457307f89cd0248606c\/adjuntos\/239\/imagenes\/037\/453\/0037453836\/bill-clinton.jpg?resize=640%2C359&#038;ssl=1\" alt=\"La tormenta por el caso Epstein no distingue colores pol\u00edticos.\" title=\"La tormenta por el caso Epstein no distingue colores pol\u00edticos.\" width=\"640\" height=\"359\" id=\"7417670-Libre-1804768653_embed\" crossorigin=\"anonymous\"><\/div>\n<div id=\"7417670-Libre-1804768653_epigrafe\" class=\"embed_epigrafe\" readability=\"7\">\n<p> La tormenta por el caso Epstein no distingue colores pol\u00edticos.<\/p>\n<\/div>\n<p>Noticias Argentinas<\/p>\n<\/div>\n<p>Seg\u00fan el WSJ, la nota de Clinton a Epstein dec\u00eda: \u201cEs reconfortante, \u00bfno?, <strong>haber perdurado tanto tiempo, a lo largo de todos los a\u00f1os de aprendizaje y conocimiento, aventuras y [palabra ilegible], y tambi\u00e9n conservar esa curiosidad de ni\u00f1o, <\/strong>el impulso por marcar la diferencia y el consuelo de los amigos\u201d.<\/p>\n<p>Desde el entorno de Clinton se negaron a hacer comentarios. Sin embargo, uno de sus voceros le envi\u00f3 al WSJ una declaraci\u00f3n previa del expresidente en la que afirmaba haber cortado toda relaci\u00f3n con Epstein <strong>m\u00e1s de una d\u00e9cada antes de que sea arrestado.<\/strong><\/p>\n<h2>Trump vs The Wall Street Journal<\/h2>\n<p data-start=\"355\" data-end=\"749\"><strong><a href=\"https:\/\/www.ambito.com\/mundo\/de-la-guerra-aranceles-jeffrey-epstein-donald-trump-cumple-seis-meses-su-regreso-al-poder-n6169102\" target=\"_blank\" rel=\"follow\">La administraci\u00f3n de Donald Trump <\/a>decidi\u00f3 excluir a The Wall Street Journal (WSJ) de la cobertura del pr\u00f3ximo viaje presidencial a Escocia, luego de una nueva controversia vinculada al caso Jeffrey Epstein. La<\/strong> medida fue por la secretaria de prensa de la Casa Blanca, Karoline Leavitt, quien explic\u00f3 que la decisi\u00f3n responde a la \u201cconducta falsa y difamatoria\u201d del diario.<\/p>\n<p data-start=\"751\" data-end=\"1039\"><strong>\u201cComo confirm\u00f3 el tribunal de apelaciones, ni The Wall Street Journal ni ning\u00fan otro medio de comunicaci\u00f3n tienen garantizado el acceso especial para cubrir al presidente Trump en la Oficina Oval,<\/strong> a bordo del Air Force One ni en sus espacios de trabajo privados\u201d, precis\u00f3 la funcionaria.<\/p>\n<p data-start=\"1041\" data-end=\"1358\">El conflicto se origin\u00f3 tras una publicaci\u00f3n del WSJ en la que se revel\u00f3 que entre las cartas manuscritas que Epstein \u2014el magnate denunciado por operar una red de tr\u00e1fico sexual de menores durante al menos dos d\u00e9cadas\u2014 recibi\u00f3 por su cumplea\u00f1os n\u00famero 50, figuraba una firmada por el actual presidente estadounidense.<\/p>\n<p data-start=\"1360\" data-end=\"1562\"><strong>La administraci\u00f3n Trump resolvi\u00f3 entonces revocar la acreditaci\u00f3n del WSJ, <\/strong>que formaba parte del grupo de trece medios autorizados para acompa\u00f1ar la delegaci\u00f3n oficial durante la gira del fin de semana.<\/p>\n<p data-start=\"1564\" data-end=\"1870\">Tras conocerse la nota, Trump desestim\u00f3 la publicaci\u00f3n y la calific\u00f3 como <strong>\u201cnoticia falsa\u201d. <\/strong>Neg\u00f3 cualquier v\u00ednculo con Epstein y, en paralelo, avanz\u00f3 con acciones legales contra el empresario Rupert Murdoch, el holding News Corp, Dow Jones \u2014editora del diario\u2014 y los dos periodistas responsables de la nota.<\/p>\n<p data-start=\"1872\" data-end=\"2099\" data-is-last-node data-is-only-node>La medida representa un nuevo cap\u00edtulo en la tensa relaci\u00f3n entre el expresidente y algunos de los principales medios estadounidenses, <strong>marcada por permanentes acusaciones cruzadas, litigios judiciales y restricciones de acceso.<\/strong><\/p>\n<\/p><\/div>\n","protected":false},"excerpt":{"rendered":"<p>El caso de Jeffrey Epstein da que hablar m\u00e1s que nunca. Luego de que una investigaci\u00f3n de The Wall Street Journal (WSJ) revelara que el actual presidente de Estados Unidos, Donald Trump, le envi\u00f3 cartas al delincuente sexual por su 50\u00b0 cumplea\u00f1os &#8211; en 2003 &#8211; ahora, el mismo diario tambi\u00e9n vincula al exmandatario, Bill [&hellip;]<\/p>\n","protected":false},"author":2,"featured_media":9870,"comment_status":"closed","ping_status":"closed","sticky":false,"template":"","format":"standard","meta":{"jetpack_post_was_ever_published":false,"_jetpack_newsletter_access":"","_jetpack_dont_email_post_to_subs":false,"_jetpack_newsletter_tier_id":0,"_jetpack_memberships_contains_paywalled_content":false,"_jetpack_memberships_contains_paid_content":false,"footnotes":"","jetpack_publicize_message":"","jetpack_publicize_feature_enabled":true,"jetpack_social_post_already_shared":true,"jetpack_social_options":{"image_generator_settings":{"template":"highway","enabled":false},"version":2}},"categories":[20],"tags":[],"class_list":["post-9869","post","type-post","status-publish","format-standard","has-post-thumbnail","hentry","category-mundo"],"jetpack_publicize_connections":[],"jetpack_featured_media_url":"https:\/\/i0.wp.com\/infolanus.com\/wp-content\/uploads\/2025\/07\/listas-de-jeffrey-epstein-al-igual-que-donald-trump-denuncian-que-bill-clinton-tambien-le-envio-cartas-de-feliz-cumpleanos.jpg?fit=730%2C410&ssl=1","jetpack_sharing_enabled":true,"jetpack_shortlink":"https:\/\/wp.me\/p9QtMr-2zb","_links":{"self":[{"href":"https:\/\/infolanus.com\/index.php\/wp-json\/wp\/v2\/posts\/9869","targetHints":{"allow":["GET"]}}],"collection":[{"href":"https:\/\/infolanus.com\/index.php\/wp-json\/wp\/v2\/posts"}],"about":[{"href":"https:\/\/infolanus.com\/index.php\/wp-json\/wp\/v2\/types\/post"}],"author":[{"embeddable":true,"href":"https:\/\/infolanus.com\/index.php\/wp-json\/wp\/v2\/users\/2"}],"replies":[{"embeddable":true,"href":"https:\/\/infolanus.com\/index.php\/wp-json\/wp\/v2\/comments?post=9869"}],"version-history":[{"count":0,"href":"https:\/\/infolanus.com\/index.php\/wp-json\/wp\/v2\/posts\/9869\/revisions"}],"wp:featuredmedia":[{"embeddable":true,"href":"https:\/\/infolanus.com\/index.php\/wp-json\/wp\/v2\/media\/9870"}],"wp:attachment":[{"href":"https:\/\/infolanus.com\/index.php\/wp-json\/wp\/v2\/media?parent=9869"}],"wp:term":[{"taxonomy":"category","embeddable":true,"href":"https:\/\/infolanus.com\/index.php\/wp-json\/wp\/v2\/categories?post=9869"},{"taxonomy":"post_tag","embeddable":true,"href":"https:\/\/infolanus.com\/index.php\/wp-json\/wp\/v2\/tags?post=9869"}],"curies":[{"name":"wp","href":"https:\/\/api.w.org\/{rel}","templated":true}]}}