{"id":9936,"date":"2025-08-03T16:54:27","date_gmt":"2025-08-03T19:54:27","guid":{"rendered":"https:\/\/infolanus.com\/index.php\/2025\/08\/03\/quien-es-el-futbolista-argentino-que-debio-retirarse-por-una-enfermedad-neuromuscular-degenerativa\/"},"modified":"2025-08-03T16:54:27","modified_gmt":"2025-08-03T19:54:27","slug":"quien-es-el-futbolista-argentino-que-debio-retirarse-por-una-enfermedad-neuromuscular-degenerativa","status":"publish","type":"post","link":"https:\/\/infolanus.com\/index.php\/2025\/08\/03\/quien-es-el-futbolista-argentino-que-debio-retirarse-por-una-enfermedad-neuromuscular-degenerativa\/","title":{"rendered":"Qui\u00e9n es el futbolista argentino que debi\u00f3 retirarse por una enfermedad neuromuscular degenerativa"},"content":{"rendered":"<div class=\"media_block\"><\/div>\n<p>Una triste noticia sacudi\u00f3 al f\u00fatbol chileno: el arquero argentino <strong>Manuel Garc\u00eda<\/strong>, de 37 a\u00f1os, anunci\u00f3 su retiro del profesionalismo debido a una <strong>enfermedad neuromuscular degenerativa<\/strong> que afecta su capacidad motora.<\/p>\n<p>La informaci\u00f3n fue confirmada por <strong>San Luis de Quillot<\/strong><strong>a<\/strong>, su actual equipo en la Primera B de Chile, a trav\u00e9s de un comunicado oficial difundido en redes sociales.<\/p>\n<p>El diagn\u00f3stico, que fue confirmado recientemente, explica la ausencia del arquero desde el pasado 6 de julio, cuando disput\u00f3 su \u00faltimo partido en el empate ante Deportes Concepci\u00f3n. Desde entonces, su nombre dej\u00f3 de aparecer entre los convocados, generando preocupaci\u00f3n entre los fan\u00e1ticos del elenco canario.<\/p>\n<div>\n<figure class=\"image\"><img data-recalc-dims=\"1\" decoding=\"async\" alt=\"Manuel Garc\u00eda\" src=\"https:\/\/i0.wp.com\/fotos.perfil.com\/\/2025\/08\/03\/900\/0\/manuel-garcia-2073465.jpg?w=640&#038;ssl=1\" loading=\"lazy\"><figcaption>Comunicado de San Luis sobre el estado de salud de Manuel Garc\u00eda<\/figcaption><\/figure>\n<\/div>\n<h2><strong>San Luis de Quillota homenaje\u00f3 a Manuel Garc\u00eda<\/strong><\/h2>\n<p>Antes del encuentro frente a Universidad de Concepci\u00f3n, el club organiz\u00f3 un emotivo homenaje: el plantel y el cuerpo t\u00e9cnico ingresaron al Estadio Lucio Fari\u00f1a con un lienzo con la imagen del arquero y un mensaje de aliento, en un gesto que evidenci\u00f3 el cari\u00f1o y la solidaridad del grupo ante el duro momento que atraviesa el futbolista.<\/p>\n<p>Desde la instituci\u00f3n aseguraron que <strong>el arquero seguir\u00e1 vinculado al plantel hasta la finalizaci\u00f3n de su contrato<\/strong>. Adem\u00e1s, el presidente del club, C\u00e9sar Villegas Urrutia, inform\u00f3 que San Luis brindar\u00e1 apoyo m\u00e9dico y log\u00edstico para acompa\u00f1ar el tratamiento del jugador.<strong> \u201cSu compromiso y profesionalismo fueron siempre ejemplares\u201d<\/strong>, destacaron.<\/p>\n<p>La patolog\u00eda neuromuscular que lo afecta deteriora de manera progresiva la funci\u00f3n motora, lo que hace inviable su continuidad como deportista de alto rendimiento. A ra\u00edz de la noticia, numerosos colegas, excompa\u00f1eros y simpatizantes expresaron en redes sociales mensajes de aliento y gratitud por su trayectoria.<\/p>\n<h2><strong>La carrera de Manuel Garc\u00eda<\/strong><\/h2>\n<p>Garc\u00eda, nacido en Rosario y formado en las inferiores de Rosario Central, tuvo una carrera extensa y destacada. En Argentina pas\u00f3 por Gimnasia y Esgrima La Plata, Hurac\u00e1n y Racing de C\u00f3rdoba. En Chile dej\u00f3 huella en Universidad de Concepci\u00f3n, Deportes Antofagasta, Recoleta, Santa Cruz y San Luis de Quillota, donde tuvo dos etapas.<\/p>\n<div>\n<figure class=\"image\"><img data-recalc-dims=\"1\" decoding=\"async\" alt=\"Manuel Garc\u00eda\" src=\"https:\/\/i0.wp.com\/fotos.perfil.com\/\/2025\/08\/03\/900\/0\/manuel-garcia-2073466.jpg?w=640&#038;ssl=1\" loading=\"lazy\"><figcaption>Manuel Garc\u00eda recibi\u00f3 el apoyo de sus compa\u00f1eros<\/figcaption><\/figure>\n<\/div>\n<p>BP<\/p>\n<p> <!-- tags --> <\/p>\n","protected":false},"excerpt":{"rendered":"<p>Una triste noticia sacudi\u00f3 al f\u00fatbol chileno: el arquero argentino Manuel Garc\u00eda, de 37 a\u00f1os, anunci\u00f3 su retiro del profesionalismo debido a una enfermedad neuromuscular degenerativa que afecta su capacidad motora. La informaci\u00f3n fue confirmada por San Luis de Quillota, su actual equipo en la Primera B de Chile, a trav\u00e9s de un comunicado oficial [&hellip;]<\/p>\n","protected":false},"author":2,"featured_media":9937,"comment_status":"closed","ping_status":"closed","sticky":false,"template":"","format":"standard","meta":{"jetpack_post_was_ever_published":false,"_jetpack_newsletter_access":"","_jetpack_dont_email_post_to_subs":false,"_jetpack_newsletter_tier_id":0,"_jetpack_memberships_contains_paywalled_content":false,"_jetpack_memberships_contains_paid_content":false,"footnotes":"","jetpack_publicize_message":"","jetpack_publicize_feature_enabled":true,"jetpack_social_post_already_shared":true,"jetpack_social_options":{"image_generator_settings":{"template":"highway","enabled":false},"version":2}},"categories":[17],"tags":[],"class_list":["post-9936","post","type-post","status-publish","format-standard","has-post-thumbnail","hentry","category-deportes"],"jetpack_publicize_connections":[],"jetpack_featured_media_url":"https:\/\/i0.wp.com\/infolanus.com\/wp-content\/uploads\/2025\/08\/quien-es-el-futbolista-argentino-que-debio-retirarse-por-una-enfermedad-neuromuscular-degenerativa.jpg?fit=900%2C1125&ssl=1","jetpack_sharing_enabled":true,"jetpack_shortlink":"https:\/\/wp.me\/p9QtMr-2Ag","_links":{"self":[{"href":"https:\/\/infolanus.com\/index.php\/wp-json\/wp\/v2\/posts\/9936","targetHints":{"allow":["GET"]}}],"collection":[{"href":"https:\/\/infolanus.com\/index.php\/wp-json\/wp\/v2\/posts"}],"about":[{"href":"https:\/\/infolanus.com\/index.php\/wp-json\/wp\/v2\/types\/post"}],"author":[{"embeddable":true,"href":"https:\/\/infolanus.com\/index.php\/wp-json\/wp\/v2\/users\/2"}],"replies":[{"embeddable":true,"href":"https:\/\/infolanus.com\/index.php\/wp-json\/wp\/v2\/comments?post=9936"}],"version-history":[{"count":0,"href":"https:\/\/infolanus.com\/index.php\/wp-json\/wp\/v2\/posts\/9936\/revisions"}],"wp:featuredmedia":[{"embeddable":true,"href":"https:\/\/infolanus.com\/index.php\/wp-json\/wp\/v2\/media\/9937"}],"wp:attachment":[{"href":"https:\/\/infolanus.com\/index.php\/wp-json\/wp\/v2\/media?parent=9936"}],"wp:term":[{"taxonomy":"category","embeddable":true,"href":"https:\/\/infolanus.com\/index.php\/wp-json\/wp\/v2\/categories?post=9936"},{"taxonomy":"post_tag","embeddable":true,"href":"https:\/\/infolanus.com\/index.php\/wp-json\/wp\/v2\/tags?post=9936"}],"curies":[{"name":"wp","href":"https:\/\/api.w.org\/{rel}","templated":true}]}}