{"id":9944,"date":"2025-08-04T13:14:38","date_gmt":"2025-08-04T16:14:38","guid":{"rendered":"https:\/\/infolanus.com\/index.php\/2025\/08\/04\/toni-fernandez-la-nueva-joya-de-barcelona-que-se-luce-en-la-pretemporada\/"},"modified":"2025-08-04T13:14:38","modified_gmt":"2025-08-04T16:14:38","slug":"toni-fernandez-la-nueva-joya-de-barcelona-que-se-luce-en-la-pretemporada","status":"publish","type":"post","link":"https:\/\/infolanus.com\/index.php\/2025\/08\/04\/toni-fernandez-la-nueva-joya-de-barcelona-que-se-luce-en-la-pretemporada\/","title":{"rendered":"Toni Fern\u00e1ndez, la nueva joya de Barcelona que se luce en la pretemporada"},"content":{"rendered":"<div class=\"media_block\"><\/div>\n<p>Con el joven <a target=\"_blank\" href=\"https:\/\/442.perfil.com\/noticias\/futbol\/polemica-por-la-fiesta-de-lamine-yamal-lo-acusan-de-contratar-personas-con-enanismo-como-entretenimiento.phtml\"><strong>Lamine Yamal<\/strong><\/a> ya consolidado como uno de los mejores de Europa, y el \u201caura <strong>Messi<\/strong>\u201d merodeando en <strong>La Mas\u00eda<\/strong>, las juveniles de <a target=\"_blank\" href=\"https:\/\/442.perfil.com\/noticias\/futbol\/en-una-final-para-el-recuerdo-barcelona-le-gano-al-real-madrid-en-la-copa-del-rey.phtml\"><strong>Barcelona<\/strong> <\/a>aportaron otro diamante en bruto al primer equipo: <strong>Toni Fern\u00e1ndez<\/strong>.<\/p>\n<figure class=\"image\"><img data-recalc-dims=\"1\" decoding=\"async\" alt=\"Toni Fern\u00e1ndez\" src=\"https:\/\/i0.wp.com\/fotos.perfil.com\/\/2025\/08\/04\/900\/0\/toni-fernandez-2073914.jpg?w=640&#038;ssl=1\" loading=\"lazy\"><figcaption>Toni Fern\u00e1ndez<\/figcaption><\/figure>\n<p>El delantero zurdo de 17 a\u00f1os se roba la atenci\u00f3n en <strong>Espa\u00f1a<\/strong> tras marcar por primera vez con <strong>Barcelona<\/strong>, en el marco de la gira amistosa que el <strong>Blaugrana<\/strong> realiz\u00f3 por <strong>Asia<\/strong>.<\/p>\n<p><strong>Toni Fern\u00e1ndez<\/strong> convirti\u00f3 el cuarto gol del 5-0 de <strong>Barcelona<\/strong> sobre el <strong>Daegu<\/strong> en <strong>Corea del Sur<\/strong>, debutando en redes del primer equipo.<\/p>\n<p class=\"destacadoNota\"><a target=\"_blank\" href=\"https:\/\/442.perfil.com\/noticias\/futbol\/lamine-yamal-hereda-la-10-de-messi-y-enfrenta-la-primera-gran-polemica-de-su-carrera.phtml\">Lamine Yamal hereda la 10 de Messi y enfrenta la primera gran pol\u00e9mica de su carrera<\/a><\/p>\n<h2><strong>Qui\u00e9n es Toni Fern\u00e1ndez, la nueva joya de Barcelona<\/strong><\/h2>\n<p><strong>Antonio Fern\u00e1ndez Casino<\/strong> naci\u00f3 el 15 de julio de 2008 en <strong>Rub\u00ed<\/strong>, <strong>Barcelona<\/strong>, y se form\u00f3 en las categor\u00edas inferiores del <strong>RCD Espanyol<\/strong>.<\/p>\n<p>En 2018 ingres\u00f3 a <strong>La Mas\u00eda<\/strong>, la famosa cantera de <strong>Barcelona<\/strong>, y con quince a\u00f1os comenz\u00f3 a destacarse en las categor\u00edas juveniles.<\/p>\n<p>Extremo zurdo con facilidad para ocupar cualquiera de los laterales, <strong>Toni Fern\u00e1ndez<\/strong> fue promovido por <strong>Hansi Flick<\/strong>, t\u00e9cnico del <strong>Barcelona<\/strong>, y debut\u00f3 profesionalmente el pasado marzo.<\/p>\n<figure class=\"image\"><img data-recalc-dims=\"1\" decoding=\"async\" alt=\"Toni Fern\u00e1ndez\" src=\"https:\/\/i0.wp.com\/fotos.perfil.com\/\/2025\/08\/04\/900\/0\/toni-fernandez-2073912.jpg?w=640&#038;ssl=1\" loading=\"lazy\"><figcaption>Toni Fern\u00e1ndez celebr\u00f3 su primer gol con Barcelona<\/figcaption><\/figure>\n<p><strong>Fern\u00e1ndez<\/strong> jug\u00f3 nueve minutos en la victoria de <strong>Barcelona<\/strong> sobre <strong>Barbastro<\/strong> por <strong>Copa del Rey<\/strong>, al momento \u00fanica aparici\u00f3n oficial. Aquel d\u00eda <strong>Toni<\/strong> se convirti\u00f3 en el segundo futbolista m\u00e1s joven en debutar con <strong>Barcelona<\/strong> (16 a\u00f1os y 15 meses), solo superado por <strong>Lamine Yamal<\/strong>, quien acaba de celebrar sus 18 a\u00f1os.<\/p>\n<p><strong>Toni Fern\u00e1ndez<\/strong> ya hab\u00eda participado de una pretemporada con el primer equipo e incluso hab\u00eda marcado en tanda de penales, sin embargo este lunes convirti\u00f3 por primera vez y aliment\u00f3 las ilusiones sobre su futuro.<\/p>\n<h2><strong>Barcelona cerr\u00f3 su gira asi\u00e1tica goleando al Daegu<\/strong><\/h2>\n<p><strong>Barcelona<\/strong> gole\u00f3 5-0 al <strong>Daegu<\/strong> en <strong>Corea del Sur<\/strong> y cerr\u00f3 su gira asi\u00e1tica con tres victorias en tres partidos.<\/p>\n<p><strong>Gavi<\/strong>, con doblete, <strong>Robert Lewandowski<\/strong> y <strong>Toni Fern\u00e1ndez<\/strong> moldearon un marcador que se cerr\u00f3 con la conquista de <strong>Marcus Rashford<\/strong>, delantero ingl\u00e9s que lleg\u00f3 a <strong>Barcelona<\/strong> en este mercado de pases desde <strong>Manchester United<\/strong>.<\/p>\n<p>El equipo de <strong>Hansi Flick<\/strong>, campe\u00f3n defensor de <strong>La Liga de Espa\u00f1a<\/strong>, hab\u00eda derrotado 7-3 al <strong>FC Seul<\/strong> y 3-1 al <strong>Vissel Kobe<\/strong> en <strong>Jap\u00f3n<\/strong>.<\/p>\n<p>NZ<\/p>\n<p> <!-- tags --> <\/p>\n","protected":false},"excerpt":{"rendered":"<p>Con el joven Lamine Yamal ya consolidado como uno de los mejores de Europa, y el \u201caura Messi\u201d merodeando en La Mas\u00eda, las juveniles de Barcelona aportaron otro diamante en bruto al primer equipo: Toni Fern\u00e1ndez. Toni Fern\u00e1ndez El delantero zurdo de 17 a\u00f1os se roba la atenci\u00f3n en Espa\u00f1a tras marcar por primera vez [&hellip;]<\/p>\n","protected":false},"author":2,"featured_media":9945,"comment_status":"closed","ping_status":"closed","sticky":false,"template":"","format":"standard","meta":{"jetpack_post_was_ever_published":false,"_jetpack_newsletter_access":"","_jetpack_dont_email_post_to_subs":false,"_jetpack_newsletter_tier_id":0,"_jetpack_memberships_contains_paywalled_content":false,"_jetpack_memberships_contains_paid_content":false,"footnotes":"","jetpack_publicize_message":"","jetpack_publicize_feature_enabled":true,"jetpack_social_post_already_shared":true,"jetpack_social_options":{"image_generator_settings":{"template":"highway","enabled":false},"version":2}},"categories":[17],"tags":[],"class_list":["post-9944","post","type-post","status-publish","format-standard","has-post-thumbnail","hentry","category-deportes"],"jetpack_publicize_connections":[],"jetpack_featured_media_url":"https:\/\/i0.wp.com\/infolanus.com\/wp-content\/uploads\/2025\/08\/toni-fernandez-la-nueva-joya-de-barcelona-que-se-luce-en-la-pretemporada.jpg?fit=900%2C533&ssl=1","jetpack_sharing_enabled":true,"jetpack_shortlink":"https:\/\/wp.me\/p9QtMr-2Ao","_links":{"self":[{"href":"https:\/\/infolanus.com\/index.php\/wp-json\/wp\/v2\/posts\/9944","targetHints":{"allow":["GET"]}}],"collection":[{"href":"https:\/\/infolanus.com\/index.php\/wp-json\/wp\/v2\/posts"}],"about":[{"href":"https:\/\/infolanus.com\/index.php\/wp-json\/wp\/v2\/types\/post"}],"author":[{"embeddable":true,"href":"https:\/\/infolanus.com\/index.php\/wp-json\/wp\/v2\/users\/2"}],"replies":[{"embeddable":true,"href":"https:\/\/infolanus.com\/index.php\/wp-json\/wp\/v2\/comments?post=9944"}],"version-history":[{"count":0,"href":"https:\/\/infolanus.com\/index.php\/wp-json\/wp\/v2\/posts\/9944\/revisions"}],"wp:featuredmedia":[{"embeddable":true,"href":"https:\/\/infolanus.com\/index.php\/wp-json\/wp\/v2\/media\/9945"}],"wp:attachment":[{"href":"https:\/\/infolanus.com\/index.php\/wp-json\/wp\/v2\/media?parent=9944"}],"wp:term":[{"taxonomy":"category","embeddable":true,"href":"https:\/\/infolanus.com\/index.php\/wp-json\/wp\/v2\/categories?post=9944"},{"taxonomy":"post_tag","embeddable":true,"href":"https:\/\/infolanus.com\/index.php\/wp-json\/wp\/v2\/tags?post=9944"}],"curies":[{"name":"wp","href":"https:\/\/api.w.org\/{rel}","templated":true}]}}