{"id":9957,"date":"2025-08-05T20:58:00","date_gmt":"2025-08-05T23:58:00","guid":{"rendered":"https:\/\/www.ambito.com\/c6175164"},"modified":"2025-08-05T20:58:00","modified_gmt":"2025-08-05T23:58:00","slug":"donald-trump-admitio-que-es-dificil-reemplazar-a-los-trabajadores-migrantes-deportados-y-analiza-permitir-su-regreso","status":"publish","type":"post","link":"https:\/\/infolanus.com\/index.php\/2025\/08\/05\/donald-trump-admitio-que-es-dificil-reemplazar-a-los-trabajadores-migrantes-deportados-y-analiza-permitir-su-regreso\/","title":{"rendered":"Donald Trump admiti\u00f3 que es dif\u00edcil reemplazar a los trabajadores migrantes deportados y analiza permitir su regreso"},"content":{"rendered":"<p><!-- { REGION4 --> <\/p>\n<header class=\"news-headline\" readability=\"1.3823529411765\">\n<div class=\"news-headline__topics-and-date-wrapper\"> <span class=\"news-headline__publication-date\"> 5 de agosto 2025 &#8211; 20:58 <\/span><\/div>\n<h2 class=\"news-headline__article-summary\" readability=\"23\">\n<p class=\"ignore-parser\">Las pol\u00edticas de expulsi\u00f3n empiezan a generar consecuencias econ\u00f3micas y el magnate se mostr\u00f3 dispuesto a dar un paso hacia atr\u00e1s.<\/p>\n<\/h2>\n<\/header>\n<div class=\"detail-highlighted-multimedia content-protected-false\">\n<figure class=\"detail-highlighted-multimedia__figure\"> <img data-recalc-dims=\"1\" loading=\"lazy\" decoding=\"async\" src=\"https:\/\/i0.wp.com\/media.ambito.com\/p\/4f5ba5930b073f179c59367a7de757b1\/adjuntos\/239\/imagenes\/041\/517\/0041517156\/migrantes-eeuujpg.jpg?resize=640%2C360&#038;ssl=1\" class=\"detail-highlighted-multimedia__figure-img img-fluid\" alt=\"Donald Trump se mostr\u00f3 dispuesto a permitir el regreso de migrantes deportados.\" width=\"640\" height=\"360\" crossorigin=\"anonymous\"><figcaption class=\"detail-highlighted-multimedia__figcaption\" readability=\"-24\"> <span class=\"detail-highlighted-multimedia__copyright\">REUTERS<\/span><\/figcaption><\/figure>\n<\/div>\n<article class=\"article-body article-body--first-paragraph content-protected-false\" data-td-script-src=\"https:\/\/www.ambito.com\/td\/modulos\/encuestas\/js\/function-embeds-min-version-1747541270.js\" readability=\"27.607003891051\">\n<p>Mientras sigue llevando adelante una dura <a href=\"https:\/\/www.ambito.com\/mundo\/fuerte-rechazo-la-politica-migratoria-donald-trump-mas-la-mitad-los-estadounidenses-rechaza-las-deportaciones-n6169156\" target=\"_blank\" rel=\"follow\">pol\u00edtica contra los migrantes<\/a>, el presidente de <strong>Estados Unidos<\/strong>,<strong> <a href=\"https:\/\/www.ambito.com\/economia\/donald-trump-prepara-nuevos-aranceles-semiconductores-y-amenaza-subirlos-al-sector-farmaceutico-n6174854\" target=\"_blank\" rel=\"follow\">Donald Trump<\/a><\/strong>, admiti\u00f3 que muchos de los trabajadores que expuls\u00f3 del pa\u00eds <strong> son dif\u00edciles de reemplazar<\/strong>, sobre todo en sectores como la agricultura.<\/p>\n<\/article>\n<article class=\"article-body article-body--second-paragraph content-protected-false\" readability=\"32\">\n<p>El mandatario reconoci\u00f3 que los trabajadores inmigrantes &#8220;<strong>no se pueden sustituir f\u00e1cilmente<\/strong>&#8221; ya que &#8220;la gente que <strong>vive en las ciudades no hace ese trabajo<\/strong>&#8220;. En ese sentido, remarc\u00f3, en di\u00e1logo con el canal CNBC:<strong> &#8220;Lo hemos intentado. No lo hacen. Estas personas (los migrantes) lo hacen de forma natural&#8221;.<\/strong><\/p>\n<\/article>\n<section class=\"related-news\"><span class=\"related-news__title\"> Informate m\u00e1s<\/span> <\/p>\n<div class=\"row row--eq-height\">\n<div class=\"col-12 col-md-6\">\n<article class=\"news-article news-article--landscape-news news-article--landscape-news\">\n<figure class=\"news-article__figure figure\"> <a href=\"https:\/\/www.ambito.com\/mundo\/donald-trump-confirmo-una-nueva-reunion-rusia-medio-la-suba-aranceles-n6175161\" target title=\"\u00e1mbito.com | Trump confirm\u00f3 una nueva reuni\u00f3n con Rusia en medio de la suba de aranceles\" alt=\"\u00e1mbito.com | Trump confirm\u00f3 una nueva reuni\u00f3n con Rusia en medio de la suba de aranceles\" rel=\"noindex nofollow noreferrer\"> <img loading=\"lazy\" decoding=\"async\" src=\"https:\/\/www.ambito.com\/css-custom\/239\/lazy.svg\" data-td-src-property=\"https:\/\/media.ambito.com\/p\/d0de0ab104667047aacfc2d2ee5fb489\/adjuntos\/239\/imagenes\/042\/603\/0042603929\/93x52\/smart\/donald-trump.jpg\" alt=\"Donald Trump confirm\u00f3 una nueva ronda de conversaciones entre Estados Unidos y Rusia.\" title=\"Donald Trump confirm\u00f3 una nueva ronda de conversaciones entre Estados Unidos y Rusia.\" width=\"93\" height=\"52\" class=\"news-article__figure-img figure-img img-fluid\"> <\/a><\/figure>\n<\/article><\/div>\n<div class=\"col-12 col-md-6\">\n<article class=\"news-article news-article--landscape-news news-article--landscape-news\">\n<figure class=\"news-article__figure figure\"> <a href=\"https:\/\/www.ambito.com\/economia\/crecen-eeuu-las-apuestas-un-recorte-tasas-pero-acecha-el-fantasma-la-estanflacion-n6175003\" target title=\"\u00e1mbito.com | Crecen en EEUU las apuestas por un recorte de tasas, pero acecha el fantasma de la estanflaci\u00f3n\" alt=\"\u00e1mbito.com | Crecen en EEUU las apuestas por un recorte de tasas, pero acecha el fantasma de la estanflaci\u00f3n\" rel=\"noindex nofollow noreferrer\"> <img loading=\"lazy\" decoding=\"async\" src=\"https:\/\/www.ambito.com\/css-custom\/239\/lazy.svg\" data-td-src-property=\"https:\/\/media.ambito.com\/p\/790a1bcee56e295e0987ea40d259c20b\/adjuntos\/239\/imagenes\/040\/929\/0040929446\/93x52\/smart\/reserva-federal-fedjpg.jpg\" alt=\"La Fed debe hacer frente a un mercado de trabajo que se enfr\u00eda y una inflaci\u00f3n que recalienta.&nbsp;\" title=\"La Fed debe hacer frente a un mercado de trabajo que se enfr\u00eda y una inflaci\u00f3n que recalienta.&nbsp;\" width=\"93\" height=\"52\" class=\"news-article__figure-img figure-img img-fluid\"> <\/a><\/figure>\n<\/article><\/div>\n<\/div>\n<\/section>\n<article class=\"article-body article-body--third-paragraph content-protected-false\" readability=\"33\">\n<p>El \u00faltimo informe de empleo revel\u00f3 que la econom\u00eda del pa\u00eds empieza a sentir el impacto de las deportaciones. El relevamiento de julio, que fue muy criticado por Trump por mostrar una creaci\u00f3n neta de empleo de s\u00f3lo 73.000 puestos, muestra <strong>una ca\u00edda en 1,7 millones de empleos de extranjeros entre marzo y el mes pasado<\/strong>.<\/p>\n<\/article>\n<article class=\"article-body article-body--fourth-paragraph content-protected-false\" readability=\"31\">\n<p>Un estudio realizado por Penn Wharton concluy\u00f3 si se expulsara anualmente al 10% de los inmigrantes no autorizados del pa\u00eds, el d\u00e9ficit federal crecer\u00eda en u$s350.000 millones, reducir\u00eda el PIB en un 1 % y tambi\u00e9n bajar\u00eda el salario promedio del trabajador.<\/p>\n<\/article>\n<article class=\"article-body article-body--fifth-paragraph content-protected-false\" readability=\"35\">\n<p>Adem\u00e1s, el informe proyect\u00f3 que si la pol\u00edtica migratoria se prolongara durante 10 a\u00f1os, el costo para el gobierno federal ascender\u00eda a <strong>u$s987.000 millones<\/strong>, el <strong>PBI<\/strong> se reducir\u00eda un <strong>3,3 %<\/strong> y <strong>los salarios caer\u00edan un 1,7%<\/strong>, seg\u00fan los investigadores.<\/p>\n<\/article>\n<article class=\"article-body article-body--remaining-paragraph content-protected-false\" readability=\"47.62156448203\">\n<h2>Donald Trump se mostr\u00f3 dispuesto a permitir el regreso de algunos migrantes expulsados<\/h2>\n<p>La administraci\u00f3n de <a href=\"https:\/\/www.ambito.com\/mundo\/el-gobierno-donald-trump-arresto-538-indocumentados-e-inicio-su-deportacion-n6106476\" target=\"_blank\" rel=\"follow\"><strong>Trump<\/strong> remarca que est\u00e1n &#8220;sacando criminales&#8221;<\/a>, aunque tambi\u00e9n aclar\u00f3 que est\u00e1 &#8220;trabajando con los agricultores para que no se vean afectados por estas expulsiones&#8221;, porque &#8220;son una parte muy importante de este pa\u00eds y no vamos a hacer nada que perjudique a los agricultores&#8221;.<\/p>\n<p>El l\u00edder republicano asegur\u00f3 que est\u00e1n &#8220;trabajando en eso&#8221; y que van a &#8220;sacar reglas y regulaciones&#8221;. Incluso, tras ser consultado sobre este punto, se mostr\u00f3 abierto a permitir que algunos &#8220;regresen legalmente&#8221;.<\/p>\n<p>&#8220;Quiero trabajar con ellos. En algunos casos, <strong>los estamos enviando de vuelta a sus pa\u00edses con un permiso<\/strong>, para que vuelvan legalmente. Y <strong>estamos haciendo cosas que son muy dif\u00edciles de hacer y muy complejas, pero que funcionan muy bien<\/strong>. Los enviamos de vuelta, y luego estudian, aprenden, y regresan. Regresan legalmente&#8221;, explic\u00f3 Trump.<\/p>\n<\/article>\n<p> <!-- REGION4 } --> <\/p>\n","protected":false},"excerpt":{"rendered":"<p>5 de agosto 2025 &#8211; 20:58 Las pol\u00edticas de expulsi\u00f3n empiezan a generar consecuencias econ\u00f3micas y el magnate se mostr\u00f3 dispuesto a dar un paso hacia atr\u00e1s. REUTERS Mientras sigue llevando adelante una dura pol\u00edtica contra los migrantes, el presidente de Estados Unidos, Donald Trump, admiti\u00f3 que muchos de los trabajadores que expuls\u00f3 del pa\u00eds [&hellip;]<\/p>\n","protected":false},"author":2,"featured_media":9958,"comment_status":"closed","ping_status":"closed","sticky":false,"template":"","format":"standard","meta":{"jetpack_post_was_ever_published":false,"_jetpack_newsletter_access":"","_jetpack_dont_email_post_to_subs":false,"_jetpack_newsletter_tier_id":0,"_jetpack_memberships_contains_paywalled_content":false,"_jetpack_memberships_contains_paid_content":false,"footnotes":"","jetpack_publicize_message":"","jetpack_publicize_feature_enabled":true,"jetpack_social_post_already_shared":true,"jetpack_social_options":{"image_generator_settings":{"template":"highway","enabled":false},"version":2}},"categories":[20],"tags":[],"class_list":["post-9957","post","type-post","status-publish","format-standard","has-post-thumbnail","hentry","category-mundo"],"jetpack_publicize_connections":[],"jetpack_featured_media_url":"https:\/\/i0.wp.com\/infolanus.com\/wp-content\/uploads\/2025\/08\/donald-trump-admitio-que-es-dificil-reemplazar-a-los-trabajadores-migrantes-deportados-y-analiza-permitir-su-regreso.jpg?fit=655%2C368&ssl=1","jetpack_sharing_enabled":true,"jetpack_shortlink":"https:\/\/wp.me\/p9QtMr-2AB","_links":{"self":[{"href":"https:\/\/infolanus.com\/index.php\/wp-json\/wp\/v2\/posts\/9957","targetHints":{"allow":["GET"]}}],"collection":[{"href":"https:\/\/infolanus.com\/index.php\/wp-json\/wp\/v2\/posts"}],"about":[{"href":"https:\/\/infolanus.com\/index.php\/wp-json\/wp\/v2\/types\/post"}],"author":[{"embeddable":true,"href":"https:\/\/infolanus.com\/index.php\/wp-json\/wp\/v2\/users\/2"}],"replies":[{"embeddable":true,"href":"https:\/\/infolanus.com\/index.php\/wp-json\/wp\/v2\/comments?post=9957"}],"version-history":[{"count":0,"href":"https:\/\/infolanus.com\/index.php\/wp-json\/wp\/v2\/posts\/9957\/revisions"}],"wp:featuredmedia":[{"embeddable":true,"href":"https:\/\/infolanus.com\/index.php\/wp-json\/wp\/v2\/media\/9958"}],"wp:attachment":[{"href":"https:\/\/infolanus.com\/index.php\/wp-json\/wp\/v2\/media?parent=9957"}],"wp:term":[{"taxonomy":"category","embeddable":true,"href":"https:\/\/infolanus.com\/index.php\/wp-json\/wp\/v2\/categories?post=9957"},{"taxonomy":"post_tag","embeddable":true,"href":"https:\/\/infolanus.com\/index.php\/wp-json\/wp\/v2\/tags?post=9957"}],"curies":[{"name":"wp","href":"https:\/\/api.w.org\/{rel}","templated":true}]}}