{"id":9984,"date":"2025-08-09T19:43:00","date_gmt":"2025-08-09T22:43:00","guid":{"rendered":"https:\/\/www.ambito.com\/c6176706"},"modified":"2025-08-09T19:43:00","modified_gmt":"2025-08-09T22:43:00","slug":"en-medio-del-conflicto-con-eeuu-vladimir-putin-y-lula-da-silva-conversaron-para-fortalecer-los-brics","status":"publish","type":"post","link":"https:\/\/infolanus.com\/index.php\/2025\/08\/09\/en-medio-del-conflicto-con-eeuu-vladimir-putin-y-lula-da-silva-conversaron-para-fortalecer-los-brics\/","title":{"rendered":"En medio del conflicto con EEUU, Vlad\u00edmir Putin y Lula da Silva conversaron para fortalecer los BRICS"},"content":{"rendered":"<p><!-- { REGION4 --> <\/p>\n<header class=\"news-headline\" readability=\"1.3527272727273\">\n<div class=\"news-headline__topics-and-date-wrapper\"> <span class=\"news-headline__publication-date\"> 9 de agosto 2025 &#8211; 19:43 <\/span><\/div>\n<h2 class=\"news-headline__article-summary\" readability=\"23\">\n<p class=\"ignore-parser\">La noticia se conoce en medio de la tensi\u00f3n comercial creciente que sostienen Rusia y Brasil con los Estados Unidos.<\/p>\n<\/h2>\n<\/header>\n<div class=\"detail-highlighted-multimedia content-protected-false\">\n<figure class=\"detail-highlighted-multimedia__figure\"> <img data-recalc-dims=\"1\" loading=\"lazy\" decoding=\"async\" src=\"https:\/\/i0.wp.com\/media.ambito.com\/p\/0426bbea101e86970f8ac2114f627526\/adjuntos\/239\/imagenes\/040\/255\/0040255596\/655x368\/smart\/lula-putin-2022jpg.jpg?resize=640%2C360&#038;ssl=1\" class=\"detail-highlighted-multimedia__figure-img img-fluid\" alt=\"Lula y Put\u00edn estrechan posturas.\" width=\"640\" height=\"360\" crossorigin=\"anonymous\"><figcaption class=\"detail-highlighted-multimedia__figcaption\" readability=\"-24\"> <\/figcaption><\/figure>\n<\/p><\/div>\n<article class=\"article-body article-body--first-paragraph content-protected-false\" data-td-script-src=\"https:\/\/www.ambito.com\/td\/modulos\/encuestas\/js\/function-embeds-min-version-1747541270.js\" readability=\"27.858823529412\">\n<p>En simult\u00e1neo a la <strong><a href=\"https:\/\/www.ambito.com\/mundo\/suba-aranceles-lula-acuso-jair-bolsonaro-poner-estados-unidos-contra-brasil-n6175681\" target=\"_blank\" rel=\"follow\">suba de aranceles<\/a> que le impuso Estados Unidos a los productos de Brasil<\/strong> y la <a href=\"https:\/\/www.ambito.com\/mundo\/que-se-sabe-del-encuentro-donald-trump-y-vladimir-putin-abordar-la-guerra-ucrania-n6176639\" target=\"_blank\" rel=\"follow\">advertencia de <strong>Donald Trump<\/strong><\/a> de replicar la medida para<strong> Rusia<\/strong> si no se determina un plan de cese al fuego en Ucrania, <strong>Vlad\u00edmir Putin<\/strong> mantuvo un llamado telef\u00f3nico con Lula da Silva, que incluy\u00f3 el <strong>fortalecimiento de las BRICS <\/strong>en su temario.<\/p>\n<\/article>\n<article class=\"article-body article-body--second-paragraph content-protected-false\" readability=\"33\">\n<p>A trav\u00e9s de sus redes sociales, el propio <strong>Lula da Silva <\/strong>confirm\u00f3 la conversaci\u00f3n, que ocurri\u00f3 durante la ma\u00f1ana del s\u00e1bado y dur\u00f3 unos 40 minutos. &#8220;Putin comparti\u00f3 informaci\u00f3n sobre sus conversaciones en curso con Estados Unidos y los recientes<strong> esfuerzos de paz entre Rusia y Ucrania<\/strong>&#8220;, detall\u00f3 el presidente brasile\u00f1o.<\/p>\n<\/article>\n<section class=\"related-news\"> <span class=\"related-news__title\">Informate m\u00e1s<\/span> <\/p>\n<div class=\"row row--eq-height\">\n<div class=\"col-12 col-md-6\">\n<article class=\"news-article news-article--landscape-news news-article--landscape-news\">\n<figure class=\"news-article__figure figure\"> <a href=\"https:\/\/www.ambito.com\/mundo\/encuentro-confirmado-donald-trump-y-vladimir-putin-se-reuniran-el-proximo-viernes-alaska-n6176546\" target title=\"\u00e1mbito.com | Encuentro confirmado: Trump y Putin se reunir\u00e1n el pr\u00f3ximo viernes en Alaska\" alt=\"\u00e1mbito.com | Encuentro confirmado: Trump y Putin se reunir\u00e1n el pr\u00f3ximo viernes en Alaska\" rel=\"noindex nofollow noreferrer\"> <img loading=\"lazy\" decoding=\"async\" src=\"https:\/\/www.ambito.com\/css-custom\/239\/lazy.svg\" data-td-src-property=\"https:\/\/media.ambito.com\/p\/e08482e35acbce9f8142bcaa9119f9a8\/adjuntos\/239\/imagenes\/037\/266\/0037266248\/trump-y-putin.jpg\" alt=\"Trump y Putin acordaron reunirse en Alaska.\" title=\"Trump y Putin acordaron reunirse en Alaska.\" width=\"93\" height=\"52\" class=\"news-article__figure-img figure-img img-fluid\"> <\/a><\/figure>\n<\/article><\/div>\n<div class=\"col-12 col-md-6\">\n<article class=\"news-article news-article--landscape-news news-article--landscape-news\">\n<figure class=\"news-article__figure figure\"> <a href=\"https:\/\/www.ambito.com\/mundo\/donald-trump-aseguro-que-su-reunion-vladimir-putin-no-esta-atada-un-posterior-encuentro-zelenski-n6176162\" target title=\"\u00e1mbito.com | Trump asegur\u00f3 que su reuni\u00f3n con Putin no est\u00e1 atada a un posterior encuentro con Zelenski\" alt=\"\u00e1mbito.com | Trump asegur\u00f3 que su reuni\u00f3n con Putin no est\u00e1 atada a un posterior encuentro con Zelenski\" rel=\"noindex nofollow noreferrer\"> <img loading=\"lazy\" decoding=\"async\" src=\"https:\/\/www.ambito.com\/css-custom\/239\/lazy.svg\" data-td-src-property=\"https:\/\/media.ambito.com\/p\/e08482e35acbce9f8142bcaa9119f9a8\/adjuntos\/239\/imagenes\/037\/266\/0037266248\/trump-y-putin.jpg\" alt=\"La reuni\u00f3n entre Donald Trump y Vladimir Putin es inminente.\" title=\"La reuni\u00f3n entre Donald Trump y Vladimir Putin es inminente.\" width=\"93\" height=\"52\" class=\"news-article__figure-img figure-img img-fluid\"> <\/a><\/figure>\n<\/article><\/div>\n<\/div>\n<\/section>\n<article class=\"article-body article-body--third-paragraph content-protected-false\" readability=\"32\">\n<p>Asimismo, Lula remarc\u00f3 &#8220;que <strong>Brasil siempre ha apoyado el di\u00e1logo y la b\u00fasqueda de una soluci\u00f3n pac\u00edfica<\/strong> y que seguimos disponibles para contribuir con lo que sea necesario, incluso en el \u00e1mbito del <strong>Grupo de Amigos de la Paz<\/strong>, lanzado por iniciativa de Brasil y China&#8221;.<\/p>\n<\/article>\n<article class=\"article-body article-body--fourth-paragraph content-protected-false\" readability=\"34.903361344538\">\n<div contenteditable=\"false\" class=\"embed_cont type_freetext\" rel=\"freetext\" id=\"embed6328_wrap\" data-provider=\"Twitter\" readability=\"31.980132450331\">\n<p>Embed &#8211; https:\/\/publish.x.com\/oembed?url=https:\/\/x.com\/LulaOficial\/status\/1954203841445908544&amp;partner=&amp;hide_thread=false<span onclick=\"parent.parent.TinyMCETdcuerpo.preview_embed('embed6328')\" class=\"embed_colapse less\" id=\"embed6328_colapse\"><\/span><span onclick=\"parent.parent.TinyMCETdcuerpo.delete_embed('embed6328')\" class=\"embed_delete less\" id=\"embed6328_delete\"><\/span><\/p>\n<div id=\"embed6328_content\" class=\"embed_content\">\n<div id=\"embed6328_embed\" readability=\"8.6204819277108\">\n<blockquote data-td-script-src=\"https:\/\/platform.twitter.com\/widgets.js\" class=\"twitter-tweet\" readability=\"10.536144578313\">\n<p dir=\"ltr\" lang=\"pt\"> Recebi telefonema do presidente da R\u00fassia, Vladimir Putin, na manh\u00e3 deste s\u00e1bado (9). Na liga\u00e7\u00e3o, que durou cerca de 40 minutos, o presidente Putin compartilhou informa\u00e7\u00f5es a respeito de suas discuss\u00f5es em curso com os Estados Unidos e os recentes esfor\u00e7os pela paz entre R\u00fassia e\u2026<\/p>\n<p> \u2014 Lula (@LulaOficial) <a href=\"https:\/\/twitter.com\/LulaOficial\/status\/1954203841445908544?ref_src=twsrc%5Etfw\">August 9, 2025<\/a><\/p><\/blockquote>\n<\/div><\/div>\n<\/p><\/div>\n<p>&#8220;Tambi\u00e9n conversamos sobre el panorama pol\u00edtico y econ\u00f3mico internacional. A nivel bilateral, reafirmamos nuestra intenci\u00f3n de organizar la pr\u00f3xima edici\u00f3n de la <strong>Comisi\u00f3n de Alto Nivel de Cooperaci\u00f3n Brasil-Rusia <\/strong>a finales de este a\u00f1o&#8221;, concluy\u00f3 el presidente brasile\u00f1o, quien este jueves hizo p\u00fablico otro di\u00e1logo con el l\u00edder pol\u00edtico de la <strong>India, Narendra Modi.<\/strong><\/p>\n<\/article>\n<article class=\"article-body article-body--fifth-paragraph content-protected-false\" readability=\"30.697674418605\">\n<h2> Encuentro de Donald Trump y Vladimir Putin por la paz en Ucrania<\/h2>\n<p>El presidente de <strong>EEUU<\/strong>, <strong><a href=\"https:\/\/www.ambito.com\/mundo\/donald-trump-autoriza-ataques-militares-contra-carteles-fuera-eeuu-n6176421\" target=\"_blank\" rel=\"follow noopener\">Donald Trump<\/a><\/strong>, y su par ruso, <strong> Vladimir Putin<\/strong>, <strong><a href=\"https:\/\/www.ambito.com\/mundo\/encuentro-confirmado-donald-trump-y-vladimir-putin-se-reuniran-el-proximo-viernes-alaska-n6176546\" target=\"_blank\" rel=\"follow noopener\">se encontrar\u00e1n en Alaska<\/a><\/strong> el pr\u00f3ximo viernes 15 de agosto, en un intento por poner fin a la guerra en <strong>Ucrania,<\/strong> desencadenada tras la invasi\u00f3n rusa de febrero de 2022.<\/p>\n<\/article>\n<article class=\"article-body article-body--remaining-paragraph content-protected-false\" readability=\"46.164031620553\">\n<p class data-mrf-recirculation=\"Links inline\">Una de las promesas de Trump antes de ganar las elecciones fue &#8220;terminar con la guerra en 24 horas&#8221;. Sin embargo, el conflicto implic\u00f3 <strong>m\u00faltiples rondas de conversaciones, llamadas telef\u00f3nicas y visitas diplom\u00e1ticas<\/strong> que a\u00fan esperan un avance.<\/p>\n<div contenteditable=\"false\" class=\"embed_cont type_imagen\" id=\"7400670-Libre-1903159420_wrap\" readability=\"6\">\n<p>Trump y Putin <span onclick=\"parent.parent.TinyMCETdcuerpo.preview_embed('7400670-Libre-1903159420')\" class=\"embed_colapse less\" id=\"7400670-Libre-1903159420_colapse\"><\/span> <span onclick=\"parent.parent.TinyMCETdcuerpo.delete_embed('7400670-Libre-1903159420')\" class=\"embed_delete less\" id=\"7400670-Libre-1903159420_delete\"><\/span><\/p>\n<div id=\"7400670-Libre-1903159420_content\" class=\"embed_content\"><img loading=\"lazy\" decoding=\"async\" src=\"https:\/\/www.ambito.com\/css-custom\/239\/lazy.svg\" data-td-src-property=\"https:\/\/media.ambito.com\/p\/44d090339fc04fd5803e334fd4bdc941\/adjuntos\/239\/imagenes\/037\/266\/0037266244\/trump-y-putin.jpg\" alt=\"Trump y Putin sostendr\u00e1n un encuentro la pr\u00f3xima semana en Alaska.\" title=\"Trump y Putin sostendr\u00e1n un encuentro la pr\u00f3xima semana en Alaska.\" width=\"706\" height=\"459\" id=\"7400670-Libre-1903159420_embed\"><\/div>\n<div id=\"7400670-Libre-1903159420_epigrafe\" class=\"embed_epigrafe\" readability=\"7\">\n<p> Trump y Putin sostendr\u00e1n un encuentro la pr\u00f3xima semana en Alaska.<\/p>\n<\/div>\n<p>Foto: Reuters<\/p>\n<\/div>\n<p class data-mrf-recirculation=\"Links inline\">\u201c<strong>Quieren reunirse conmigo y har\u00e9 todo lo que est\u00e9 en mi poder para detener la matanza<\/strong>\u201d, dijo Trump el jueves, en referencia a Putin y al presidente ucraniano, <a href=\"https:\/\/www.ambito.com\/mundo\/volodimir-zelenski-reclamo-reunirse-donald-trump-y-vladimir-putin-y-afirmo-que-una-decision-ucrania-va-contra-la-paz-n6176627\" target=\"_blank\" rel=\"follow noopener\" data-mrf-link=\"https:\/\/www.ambito.com\/mundo\/volodimir-zelenski-reclamo-reunirse-donald-trump-y-vladimir-putin-y-afirmo-que-una-decision-ucrania-va-contra-la-paz-n6176627\" cmp-ltrk=\"Links inline\" cmp-ltrk-idx=\"0\" mrfobservableid=\"6c60352b-c7f9-446e-930e-54019fc7c779\">Volodimir Zelenski<\/a>. El viernes, el republicano afirm\u00f3 desde la Casa Blanca que \u201c<strong>habr\u00e1 alg\u00fan intercambio de territorios para el beneficio de ambos<\/strong>\u201d, sin dar m\u00e1s detalles.<\/p>\n<p class data-mrf-recirculation=\"Links inline\">En simult\u00e1neo, Zelenski calific\u00f3 como una \u201c<strong>prioridad<\/strong>\u201d reunirse con Putin y sostiene es \u201c<strong>leg\u00edtimo que Ucrania participe en las negociaciones<\/strong>\u201d en un formato tripartito. Pero Putin rechaza verlo ya que considera que <strong>un encuentro con su par ucraniano solo tendr\u00eda sentido en la fase final <\/strong>de las negociaciones de paz.<\/p>\n<\/article>\n<p> <!-- REGION4 } --> <\/p>\n","protected":false},"excerpt":{"rendered":"<p>9 de agosto 2025 &#8211; 19:43 La noticia se conoce en medio de la tensi\u00f3n comercial creciente que sostienen Rusia y Brasil con los Estados Unidos. En simult\u00e1neo a la suba de aranceles que le impuso Estados Unidos a los productos de Brasil y la advertencia de Donald Trump de replicar la medida para Rusia [&hellip;]<\/p>\n","protected":false},"author":2,"featured_media":9985,"comment_status":"closed","ping_status":"closed","sticky":false,"template":"","format":"standard","meta":{"jetpack_post_was_ever_published":false,"_jetpack_newsletter_access":"","_jetpack_dont_email_post_to_subs":false,"_jetpack_newsletter_tier_id":0,"_jetpack_memberships_contains_paywalled_content":false,"_jetpack_memberships_contains_paid_content":false,"footnotes":"","jetpack_publicize_message":"","jetpack_publicize_feature_enabled":true,"jetpack_social_post_already_shared":true,"jetpack_social_options":{"image_generator_settings":{"template":"highway","enabled":false},"version":2}},"categories":[20],"tags":[],"class_list":["post-9984","post","type-post","status-publish","format-standard","has-post-thumbnail","hentry","category-mundo"],"jetpack_publicize_connections":[],"jetpack_featured_media_url":"https:\/\/i0.wp.com\/infolanus.com\/wp-content\/uploads\/2025\/08\/en-medio-del-conflicto-con-eeuu-vladimir-putin-y-lula-da-silva-conversaron-para-fortalecer-los-brics.jpg?fit=655%2C368&ssl=1","jetpack_sharing_enabled":true,"jetpack_shortlink":"https:\/\/wp.me\/p9QtMr-2B2","_links":{"self":[{"href":"https:\/\/infolanus.com\/index.php\/wp-json\/wp\/v2\/posts\/9984","targetHints":{"allow":["GET"]}}],"collection":[{"href":"https:\/\/infolanus.com\/index.php\/wp-json\/wp\/v2\/posts"}],"about":[{"href":"https:\/\/infolanus.com\/index.php\/wp-json\/wp\/v2\/types\/post"}],"author":[{"embeddable":true,"href":"https:\/\/infolanus.com\/index.php\/wp-json\/wp\/v2\/users\/2"}],"replies":[{"embeddable":true,"href":"https:\/\/infolanus.com\/index.php\/wp-json\/wp\/v2\/comments?post=9984"}],"version-history":[{"count":0,"href":"https:\/\/infolanus.com\/index.php\/wp-json\/wp\/v2\/posts\/9984\/revisions"}],"wp:featuredmedia":[{"embeddable":true,"href":"https:\/\/infolanus.com\/index.php\/wp-json\/wp\/v2\/media\/9985"}],"wp:attachment":[{"href":"https:\/\/infolanus.com\/index.php\/wp-json\/wp\/v2\/media?parent=9984"}],"wp:term":[{"taxonomy":"category","embeddable":true,"href":"https:\/\/infolanus.com\/index.php\/wp-json\/wp\/v2\/categories?post=9984"},{"taxonomy":"post_tag","embeddable":true,"href":"https:\/\/infolanus.com\/index.php\/wp-json\/wp\/v2\/tags?post=9984"}],"curies":[{"name":"wp","href":"https:\/\/api.w.org\/{rel}","templated":true}]}}