{"id":9988,"date":"2025-07-16T10:27:33","date_gmt":"2025-07-16T13:27:33","guid":{"rendered":"https:\/\/www.inforegion.com.ar\/?p=338867"},"modified":"2025-07-16T10:27:33","modified_gmt":"2025-07-16T13:27:33","slug":"trasladaron-la-feria-franca-de-remedios-de-escalada","status":"publish","type":"post","link":"https:\/\/infolanus.com\/index.php\/2025\/07\/16\/trasladaron-la-feria-franca-de-remedios-de-escalada\/","title":{"rendered":"Trasladaron la\u00a0Feria Franca\u00a0de Remedios de Escalada"},"content":{"rendered":"<div><img data-recalc-dims=\"1\" decoding=\"async\" src=\"https:\/\/i0.wp.com\/www.inforegion.com.ar\/wp-content\/uploads\/2025\/07\/whatsapp-image-2025-06-24-at-115252-am-OMG0q-e1752672401747.jpeg?w=640&#038;ssl=1\" class=\"ff-og-image-inserted\"><\/div>\n<p>El Municipio de Lan\u00fas anunci\u00f3 la <strong>reubicaci\u00f3n de la&nbsp;Feria Franca&nbsp;de Remedios de Escalada<\/strong>. que abre de 8 a 14 y permite a los vecinos conseguir productos de primera calidad a precios accesibles. <\/p>\n<p>Ahora, el mercado a cielo abierto funciona en <strong>Arturo Mateo Bas (desde Jos\u00e9 Manuel Estrada hasta Almafuerte) <\/strong>de 8 a 14.<\/p>\n<p>En los puestos de venta, se consiguen una gran variedad de productos frescos a precios populares. Entre los principales, se encuentran frutas y verduras de estaci\u00f3n, quesos, cortes de carne y panificados.<\/p>\n<p>\u201cA trav\u00e9s del desarrollo de esta actividad, el Municipio sigue impulsando el trabajo de las y los feriantes del distrito y, simult\u00e1neamente, contribuye con el ahorro en la econom\u00eda dom\u00e9stica de las y los vecinos\u201d, informaron desde la Comuna.<\/p>\n","protected":false},"excerpt":{"rendered":"<p>El Municipio de Lan\u00fas anunci\u00f3 la reubicaci\u00f3n de la&nbsp;Feria Franca&nbsp;de Remedios de Escalada. que abre de 8 a 14 y permite a los vecinos conseguir productos de primera calidad a precios accesibles. Ahora, el mercado a cielo abierto funciona en Arturo Mateo Bas (desde Jos\u00e9 Manuel Estrada hasta Almafuerte) de 8 a 14. En los [&hellip;]<\/p>\n","protected":false},"author":2,"featured_media":9989,"comment_status":"closed","ping_status":"closed","sticky":false,"template":"","format":"standard","meta":{"jetpack_post_was_ever_published":false,"_jetpack_newsletter_access":"","_jetpack_dont_email_post_to_subs":false,"_jetpack_newsletter_tier_id":0,"_jetpack_memberships_contains_paywalled_content":false,"_jetpack_memberships_contains_paid_content":false,"footnotes":"","jetpack_publicize_message":"","jetpack_publicize_feature_enabled":true,"jetpack_social_post_already_shared":true,"jetpack_social_options":{"image_generator_settings":{"template":"highway","enabled":false},"version":2}},"categories":[19],"tags":[774,1929,23,42,788],"class_list":["post-9988","post","type-post","status-publish","format-standard","has-post-thumbnail","hentry","category-municipio","tag-destacadas","tag-feria-franca","tag-lanus","tag-remedios-de-escalada","tag-sociedad"],"jetpack_publicize_connections":[],"jetpack_featured_media_url":"https:\/\/i0.wp.com\/infolanus.com\/wp-content\/uploads\/2025\/08\/trasladaron-la-feria-franca-de-remedios-de-escalada.jpg?fit=1201%2C674&ssl=1","jetpack_sharing_enabled":true,"jetpack_shortlink":"https:\/\/wp.me\/p9QtMr-2B6","_links":{"self":[{"href":"https:\/\/infolanus.com\/index.php\/wp-json\/wp\/v2\/posts\/9988","targetHints":{"allow":["GET"]}}],"collection":[{"href":"https:\/\/infolanus.com\/index.php\/wp-json\/wp\/v2\/posts"}],"about":[{"href":"https:\/\/infolanus.com\/index.php\/wp-json\/wp\/v2\/types\/post"}],"author":[{"embeddable":true,"href":"https:\/\/infolanus.com\/index.php\/wp-json\/wp\/v2\/users\/2"}],"replies":[{"embeddable":true,"href":"https:\/\/infolanus.com\/index.php\/wp-json\/wp\/v2\/comments?post=9988"}],"version-history":[{"count":0,"href":"https:\/\/infolanus.com\/index.php\/wp-json\/wp\/v2\/posts\/9988\/revisions"}],"wp:featuredmedia":[{"embeddable":true,"href":"https:\/\/infolanus.com\/index.php\/wp-json\/wp\/v2\/media\/9989"}],"wp:attachment":[{"href":"https:\/\/infolanus.com\/index.php\/wp-json\/wp\/v2\/media?parent=9988"}],"wp:term":[{"taxonomy":"category","embeddable":true,"href":"https:\/\/infolanus.com\/index.php\/wp-json\/wp\/v2\/categories?post=9988"},{"taxonomy":"post_tag","embeddable":true,"href":"https:\/\/infolanus.com\/index.php\/wp-json\/wp\/v2\/tags?post=9988"}],"curies":[{"name":"wp","href":"https:\/\/api.w.org\/{rel}","templated":true}]}}