{"id":9996,"date":"2025-08-11T12:19:59","date_gmt":"2025-08-11T15:19:59","guid":{"rendered":"https:\/\/www.inforegion.com.ar\/?p=341514"},"modified":"2025-08-11T12:19:59","modified_gmt":"2025-08-11T15:19:59","slug":"reabrio-la-estacion-de-trasbordo-de-lanus","status":"publish","type":"post","link":"https:\/\/infolanus.com\/index.php\/2025\/08\/11\/reabrio-la-estacion-de-trasbordo-de-lanus\/","title":{"rendered":"Reabri\u00f3 la estaci\u00f3n de trasbordo de Lan\u00fas"},"content":{"rendered":"<p>El Municipio de Lan\u00fas inform\u00f3 que<strong> a partir de este lunes ya se encuentra completamente abierta la estaci\u00f3n de trasbordo<\/strong>. Todas las paradas de colectivo se encuentran habilitadas, tras <a href=\"https:\/\/www.inforegion.com.ar\/2025\/02\/11\/el-lunes-comenzaran-las-obras-en-el-centro-de-transbordo-de-la-estacion-lanus\/\">meses de trabajos<\/a>.<\/p>\n<p>\u201cLuego de una obra integral completa para mejorar el espacio p\u00fablico y la circulaci\u00f3n, desde el lunes 11 de agosto a las 00:00 <strong>reabrimos todas las d\u00e1rsenas<\/strong> con sus respectivas paradas de colectivos\u201d, informaron desde el Municipio.<\/p>\n<figure class=\"wp-block-image size-large\"><img data-recalc-dims=\"1\" loading=\"lazy\" decoding=\"async\" width=\"640\" height=\"800\" src=\"https:\/\/i0.wp.com\/www.inforegion.com.ar\/wp-content\/uploads\/2025\/08\/colectivoslanus-819x1024.jpg?resize=640%2C800&#038;ssl=1\" alt class=\"wp-image-341518 lazyload\" data-sizes=\"auto\" data-eio-rwidth=\"819\" data-eio-rheight=\"1024\" srcset=\"https:\/\/www.inforegion.com.ar\/wp-content\/uploads\/2025\/08\/colectivoslanus-819x1024.jpg 819w, https:\/\/www.inforegion.com.ar\/wp-content\/uploads\/2025\/08\/colectivoslanus-240x300.jpg 240w, https:\/\/www.inforegion.com.ar\/wp-content\/uploads\/2025\/08\/colectivoslanus-768x960.jpg 768w, https:\/\/www.inforegion.com.ar\/wp-content\/uploads\/2025\/08\/colectivoslanus-1229x1536.jpg 1229w, https:\/\/www.inforegion.com.ar\/wp-content\/uploads\/2025\/08\/colectivoslanus-320x400.jpg 320w, https:\/\/www.inforegion.com.ar\/wp-content\/uploads\/2025\/08\/colectivoslanus-480x600.jpg 480w, https:\/\/www.inforegion.com.ar\/wp-content\/uploads\/2025\/08\/colectivoslanus-800x1000.jpg 800w, https:\/\/www.inforegion.com.ar\/wp-content\/uploads\/2025\/08\/colectivoslanus-268x335.jpg 268w, https:\/\/www.inforegion.com.ar\/wp-content\/uploads\/2025\/08\/colectivoslanus.jpg 1280w\"><noscript><img data-recalc-dims=\"1\" loading=\"lazy\" decoding=\"async\" width=\"640\" height=\"800\" src=\"https:\/\/i0.wp.com\/www.inforegion.com.ar\/wp-content\/uploads\/2025\/08\/colectivoslanus-819x1024.jpg?resize=640%2C800&#038;ssl=1\" alt class=\"wp-image-341518\" srcset=\"https:\/\/www.inforegion.com.ar\/wp-content\/uploads\/2025\/08\/colectivoslanus-819x1024.jpg 819w, https:\/\/www.inforegion.com.ar\/wp-content\/uploads\/2025\/08\/colectivoslanus-240x300.jpg 240w, https:\/\/www.inforegion.com.ar\/wp-content\/uploads\/2025\/08\/colectivoslanus-768x960.jpg 768w, https:\/\/www.inforegion.com.ar\/wp-content\/uploads\/2025\/08\/colectivoslanus-1229x1536.jpg 1229w, https:\/\/www.inforegion.com.ar\/wp-content\/uploads\/2025\/08\/colectivoslanus-320x400.jpg 320w, https:\/\/www.inforegion.com.ar\/wp-content\/uploads\/2025\/08\/colectivoslanus-480x600.jpg 480w, https:\/\/www.inforegion.com.ar\/wp-content\/uploads\/2025\/08\/colectivoslanus-800x1000.jpg 800w, https:\/\/www.inforegion.com.ar\/wp-content\/uploads\/2025\/08\/colectivoslanus-268x335.jpg 268w, https:\/\/www.inforegion.com.ar\/wp-content\/uploads\/2025\/08\/colectivoslanus.jpg 1280w\" sizes=\"auto, (max-width: 819px) 100vw, 819px\" data-eio=\"l\"><\/noscript><\/figure>\n<p>Las obras de la estaci\u00f3n comenzaron el 17 de febrero y&nbsp;<strong>los trabajos ejecutados con fondos municipales incluyeron la restauraci\u00f3n de andenes, bancos,&nbsp;<\/strong>y mucho ploteo entre otras tareas. El mes pasado, en tanto, ya hab\u00edan <a href=\"https:\/\/www.inforegion.com.ar\/2025\/07\/07\/tras-meses-cerradas-se-abren-las-primeras-darsenas-de-la-estacion-lanus\/\">habilitado <\/a>algunas paradas.<\/p>\n","protected":false},"excerpt":{"rendered":"<p>El Municipio de Lan\u00fas inform\u00f3 que a partir de este lunes ya se encuentra completamente abierta la estaci\u00f3n de trasbordo. Todas las paradas de colectivo se encuentran habilitadas, tras meses de trabajos. \u201cLuego de una obra integral completa para mejorar el espacio p\u00fablico y la circulaci\u00f3n, desde el lunes 11 de agosto a las 00:00 [&hellip;]<\/p>\n","protected":false},"author":2,"featured_media":9997,"comment_status":"closed","ping_status":"closed","sticky":false,"template":"","format":"standard","meta":{"jetpack_post_was_ever_published":false,"_jetpack_newsletter_access":"","_jetpack_dont_email_post_to_subs":false,"_jetpack_newsletter_tier_id":0,"_jetpack_memberships_contains_paywalled_content":false,"_jetpack_memberships_contains_paid_content":false,"footnotes":"","jetpack_publicize_message":"","jetpack_publicize_feature_enabled":true,"jetpack_social_post_already_shared":true,"jetpack_social_options":{"image_generator_settings":{"template":"highway","enabled":false},"version":2}},"categories":[19],"tags":[774,1930,23,788],"class_list":["post-9996","post","type-post","status-publish","format-standard","has-post-thumbnail","hentry","category-municipio","tag-destacadas","tag-estacion-de-trasbordo","tag-lanus","tag-sociedad"],"jetpack_publicize_connections":[],"jetpack_featured_media_url":"https:\/\/i0.wp.com\/infolanus.com\/wp-content\/uploads\/2025\/08\/reabrio-la-estacion-de-trasbordo-de-lanus.jpg?fit=819%2C1024&ssl=1","jetpack_sharing_enabled":true,"jetpack_shortlink":"https:\/\/wp.me\/p9QtMr-2Be","_links":{"self":[{"href":"https:\/\/infolanus.com\/index.php\/wp-json\/wp\/v2\/posts\/9996","targetHints":{"allow":["GET"]}}],"collection":[{"href":"https:\/\/infolanus.com\/index.php\/wp-json\/wp\/v2\/posts"}],"about":[{"href":"https:\/\/infolanus.com\/index.php\/wp-json\/wp\/v2\/types\/post"}],"author":[{"embeddable":true,"href":"https:\/\/infolanus.com\/index.php\/wp-json\/wp\/v2\/users\/2"}],"replies":[{"embeddable":true,"href":"https:\/\/infolanus.com\/index.php\/wp-json\/wp\/v2\/comments?post=9996"}],"version-history":[{"count":0,"href":"https:\/\/infolanus.com\/index.php\/wp-json\/wp\/v2\/posts\/9996\/revisions"}],"wp:featuredmedia":[{"embeddable":true,"href":"https:\/\/infolanus.com\/index.php\/wp-json\/wp\/v2\/media\/9997"}],"wp:attachment":[{"href":"https:\/\/infolanus.com\/index.php\/wp-json\/wp\/v2\/media?parent=9996"}],"wp:term":[{"taxonomy":"category","embeddable":true,"href":"https:\/\/infolanus.com\/index.php\/wp-json\/wp\/v2\/categories?post=9996"},{"taxonomy":"post_tag","embeddable":true,"href":"https:\/\/infolanus.com\/index.php\/wp-json\/wp\/v2\/tags?post=9996"}],"curies":[{"name":"wp","href":"https:\/\/api.w.org\/{rel}","templated":true}]}}